{"id":1628,"date":"2020-10-13T15:24:38","date_gmt":"2020-10-13T15:24:38","guid":{"rendered":"http:\/\/blogs-fcpolit.unr.edu.ar\/redaccion1-mayol\/?p=1628"},"modified":"2020-10-13T15:24:38","modified_gmt":"2020-10-13T15:24:38","slug":"trabajo-practico-la-cronica-y-el-lector","status":"publish","type":"post","link":"https:\/\/redaccion1.fcpolit.unr.edu.ar\/comision-mayol\/2020\/10\/13\/trabajo-practico-la-cronica-y-el-lector\/","title":{"rendered":"Trabajo Pr\u00e1ctico: La cr\u00f3nica y el lector"},"content":{"rendered":"<p>Consigna:<\/p>\n<ol>\n<li>Leer la cr\u00f3nica del ejemplo seleccionado para la actividad.<\/li>\n<li>\u00bfQu\u00e9 caracter\u00edsticas comunes a todos los relatos hay en la cr\u00f3nica del ejemplo?<\/li>\n<li>Identificar y se\u00f1alar las secuencias textuales que encontraste en la cr\u00f3nica de ejemplo.<\/li>\n<li>Se\u00f1alar las diferencias de la cr\u00f3nica con una noticia informativa. Dar ejemplos en del texto seleccionado.<\/li>\n<li>Qu\u00e9 elementos comparte la cr\u00f3nica con una noticia informativa. Dar ejemplos en el texto seleccionado.<\/li>\n<li>Redact\u00e1 un comentario final sobre la cr\u00f3nica del ejemplo desde un punto de vista de lector.<\/li>\n<\/ol>\n","protected":false},"excerpt":{"rendered":"<p>Consigna: Leer la cr\u00f3nica del ejemplo seleccionado para la actividad. \u00bfQu\u00e9 caracter\u00edsticas comunes a todos los relatos hay en la cr\u00f3nica del ejemplo? Identificar y se\u00f1alar las secuencias textuales que encontraste en la cr\u00f3nica de ejemplo. Se\u00f1alar las diferencias de la cr\u00f3nica con una noticia informativa. Dar ejemplos en del texto seleccionado. Qu\u00e9 elementos comparte [&hellip;]<\/p>\n","protected":false},"author":6,"featured_media":0,"comment_status":"open","ping_status":"open","sticky":false,"template":"","format":"standard","meta":{"footnotes":""},"categories":[3],"tags":[],"_links":{"self":[{"href":"https:\/\/redaccion1.fcpolit.unr.edu.ar\/comision-mayol\/wp-json\/wp\/v2\/posts\/1628"}],"collection":[{"href":"https:\/\/redaccion1.fcpolit.unr.edu.ar\/comision-mayol\/wp-json\/wp\/v2\/posts"}],"about":[{"href":"https:\/\/redaccion1.fcpolit.unr.edu.ar\/comision-mayol\/wp-json\/wp\/v2\/types\/post"}],"author":[{"embeddable":true,"href":"https:\/\/redaccion1.fcpolit.unr.edu.ar\/comision-mayol\/wp-json\/wp\/v2\/users\/6"}],"replies":[{"embeddable":true,"href":"https:\/\/redaccion1.fcpolit.unr.edu.ar\/comision-mayol\/wp-json\/wp\/v2\/comments?post=1628"}],"version-history":[{"count":0,"href":"https:\/\/redaccion1.fcpolit.unr.edu.ar\/comision-mayol\/wp-json\/wp\/v2\/posts\/1628\/revisions"}],"wp:attachment":[{"href":"https:\/\/redaccion1.fcpolit.unr.edu.ar\/comision-mayol\/wp-json\/wp\/v2\/media?parent=1628"}],"wp:term":[{"taxonomy":"category","embeddable":true,"href":"https:\/\/redaccion1.fcpolit.unr.edu.ar\/comision-mayol\/wp-json\/wp\/v2\/categories?post=1628"},{"taxonomy":"post_tag","embeddable":true,"href":"https:\/\/redaccion1.fcpolit.unr.edu.ar\/comision-mayol\/wp-json\/wp\/v2\/tags?post=1628"}],"curies":[{"name":"wp","href":"https:\/\/api.w.org\/{rel}","templated":true}]}}