{"id":157,"date":"2010-05-03T17:21:00","date_gmt":"2010-05-03T17:21:00","guid":{"rendered":"http:\/\/fcpolit.unr.edu.ar\/blogs\/redaccion1-mayol\/2010\/05\/03\/sigue-hablando\/"},"modified":"2010-05-03T17:21:00","modified_gmt":"2010-05-03T17:21:00","slug":"sigue-hablando","status":"publish","type":"post","link":"https:\/\/redaccion1.fcpolit.unr.edu.ar\/comision-mayol\/2010\/05\/03\/sigue-hablando\/","title":{"rendered":"Sigue Hablando"},"content":{"rendered":"<p><strong>MATERIAL DE OBSERVACI\u00d3N<\/strong><br \/>\n<strong>&#8220;Keep Talking&#8221;, The Division Bell &#8211; Pink Floyd, 1994<\/strong><\/p>\n<p><iframe loading=\"lazy\" title=\"Pink Floyd - Keep Talking\" width=\"500\" height=\"375\" src=\"https:\/\/www.youtube.com\/embed\/r-XtvR6-ckg?feature=oembed\" frameborder=\"0\" allow=\"accelerometer; autoplay; clipboard-write; encrypted-media; gyroscope; picture-in-picture; web-share\" allowfullscreen><\/iframe><\/p>\n<p><!--more--><\/p>\n<blockquote><p><strong>Sigue hablando<\/strong><br \/>\nDurante millones de a\u00f1os los humanos vivieron como animales<br \/>\nDe repente algo sucedi\u00f3 que desat\u00f3 el poder<br \/>\nde nuestra imaginaci\u00f3n<br \/>\nAprendimos a hablar<br \/>\nUn silencio me envuelve<br \/>\nParece que no puedo concentrarme<br \/>\nMe sentar\u00e9 en la esquina<br \/>\nNadie puede molestarme<br \/>\nPienso que ahora deber\u00eda hablar (\u00bfpor qu\u00e9 no me hablas?)<br \/>\nParece que ahora no puedo hablar (nunca me hablas)<br \/>\nMis palabras no ser\u00e1n afortunadas (\u00bfqu\u00e9 est\u00e1s pensando?)<br \/>\nA veces me pregunto (\u00bfQu\u00e9 est\u00e1s pensando?)<br \/>\n\u00bfQu\u00e9 haremos a partir de ahora? (\u00bfC\u00f3mo te sientes?)<br \/>\nNo tiene por qu\u00e9 ser as\u00ed<br \/>\nTodo lo que necesitas hacer es<br \/>\nasegurarte de que seguimos hablando<br \/>\n\u00bfPor qu\u00e9 no me hablas? (Siento que me estoy ahogando)<br \/>\nNunca me hablas (sabes que ahora no puedo respirar)<br \/>\n\u00bfQu\u00e9 est\u00e1s pensando? (No vamos a ninguna parte)<br \/>\n\u00bfC\u00f3mo te sientes? (No vamos a ninguna parte)<br \/>\n\u00bfPor qu\u00e9 no me hablas?<br \/>\nNunca me hablas<br \/>\n\u00bfQu\u00e9 est\u00e1s pensando?<br \/>\n\u00bfQu\u00e9 haremos a partir de ahora?<br \/>\nNo tiene por qu\u00e9 ser as\u00ed<br \/>\nTodo lo que necesitamos es asegurarnos de que seguimos hablando<\/p><\/blockquote>\n<blockquote><p><img loading=\"lazy\" decoding=\"async\" src=\"http:\/\/www.bdp.org.ar\/facultad\/catedras\/comsoc\/redaccion1\/mayol\/pink-floyd-the-division-bell-54888-60%25.jpg\" alt=\"pink-floyd-the-division-bell-54888-60%25.jpg\" width=\"210\" height=\"217\" align=\"left\" hspace=\"10\" \/><br \/>\n<strong>The Division Bell<\/strong> es el d\u00e9cimocuarto disco de estudio de la banda brit\u00e1nica <strong>Pink Floyd<\/strong>, lanzado en abril de 1994. Es el segundo \u00e1lbum de estudio que no cuenta con la presencia del bajista original Roger Waters. El tema central del disco es la comunicaci\u00f3n &#8211; o la falta de comunicaci\u00f3n &#8211; entre personas, acompa\u00f1ado de otros temas: el aislamiento, la ambig\u00fcedad, el enfrentamiento y la autodefensa, todos estos ejemplos de la comunicaci\u00f3n malinterpretada y mal hecha. De ah\u00ed sali\u00f3 la idea de dos caras enfrentadas o una cara partida mirando de frente. Con este \u00e1lbum Pink Floyd gana su primer Grammy en la categor\u00eda de &#8220;Mejor interpretaci\u00f3n rock instrumental&#8221;.<\/p><\/blockquote>\n","protected":false},"excerpt":{"rendered":"<p>MATERIAL DE OBSERVACI\u00d3N &#8220;Keep Talking&#8221;, The Division Bell &#8211; Pink Floyd, 1994<\/p>\n","protected":false},"author":6,"featured_media":0,"comment_status":"open","ping_status":"closed","sticky":false,"template":"","format":"standard","meta":{"footnotes":""},"categories":[12],"tags":[],"_links":{"self":[{"href":"https:\/\/redaccion1.fcpolit.unr.edu.ar\/comision-mayol\/wp-json\/wp\/v2\/posts\/157"}],"collection":[{"href":"https:\/\/redaccion1.fcpolit.unr.edu.ar\/comision-mayol\/wp-json\/wp\/v2\/posts"}],"about":[{"href":"https:\/\/redaccion1.fcpolit.unr.edu.ar\/comision-mayol\/wp-json\/wp\/v2\/types\/post"}],"author":[{"embeddable":true,"href":"https:\/\/redaccion1.fcpolit.unr.edu.ar\/comision-mayol\/wp-json\/wp\/v2\/users\/6"}],"replies":[{"embeddable":true,"href":"https:\/\/redaccion1.fcpolit.unr.edu.ar\/comision-mayol\/wp-json\/wp\/v2\/comments?post=157"}],"version-history":[{"count":0,"href":"https:\/\/redaccion1.fcpolit.unr.edu.ar\/comision-mayol\/wp-json\/wp\/v2\/posts\/157\/revisions"}],"wp:attachment":[{"href":"https:\/\/redaccion1.fcpolit.unr.edu.ar\/comision-mayol\/wp-json\/wp\/v2\/media?parent=157"}],"wp:term":[{"taxonomy":"category","embeddable":true,"href":"https:\/\/redaccion1.fcpolit.unr.edu.ar\/comision-mayol\/wp-json\/wp\/v2\/categories?post=157"},{"taxonomy":"post_tag","embeddable":true,"href":"https:\/\/redaccion1.fcpolit.unr.edu.ar\/comision-mayol\/wp-json\/wp\/v2\/tags?post=157"}],"curies":[{"name":"wp","href":"https:\/\/api.w.org\/{rel}","templated":true}]}}