{"id":155,"date":"2010-05-02T19:58:38","date_gmt":"2010-05-02T19:58:38","guid":{"rendered":"http:\/\/fcpolit.unr.edu.ar\/blogs\/redaccion1-mayol\/2010\/05\/02\/texto-y-lector\/"},"modified":"2010-05-02T19:58:38","modified_gmt":"2010-05-02T19:58:38","slug":"texto-y-lector","status":"publish","type":"post","link":"https:\/\/redaccion1.fcpolit.unr.edu.ar\/comision-mayol\/2010\/05\/02\/texto-y-lector\/","title":{"rendered":"Texto y Lector"},"content":{"rendered":"<p><strong>TRABAJO PR\u00c1CTICO<\/strong><\/p>\n<p><!--more--><\/p>\n<blockquote><p><u>Consignas<\/u>:<br \/>\n1- Elegir, en un diario o revista de Internet, un texto de tipo period\u00edstico. Indicar el link de d\u00f3nde se lo sac\u00f3 o transcribirlo en un archivo de word, con los datos de autor, fecha y publicaci\u00f3n.<br \/>\n2- Se\u00f1alar y explicar las tareas del lector puestas en pr\u00e1ctica para la comprensi\u00f3n.<br \/>\n3- Explicar c\u00f3mo influyeron los estados cognitivos y afectivos en la comprensi\u00f3n del texto<br \/>\n4- Redactar una interpretaci\u00f3n del texto como resultado de las consignas anteriores\n<\/p><\/blockquote>\n","protected":false},"excerpt":{"rendered":"<p>TRABAJO PR\u00c1CTICO<\/p>\n","protected":false},"author":6,"featured_media":0,"comment_status":"open","ping_status":"closed","sticky":false,"template":"","format":"standard","meta":{"footnotes":""},"categories":[3],"tags":[],"_links":{"self":[{"href":"https:\/\/redaccion1.fcpolit.unr.edu.ar\/comision-mayol\/wp-json\/wp\/v2\/posts\/155"}],"collection":[{"href":"https:\/\/redaccion1.fcpolit.unr.edu.ar\/comision-mayol\/wp-json\/wp\/v2\/posts"}],"about":[{"href":"https:\/\/redaccion1.fcpolit.unr.edu.ar\/comision-mayol\/wp-json\/wp\/v2\/types\/post"}],"author":[{"embeddable":true,"href":"https:\/\/redaccion1.fcpolit.unr.edu.ar\/comision-mayol\/wp-json\/wp\/v2\/users\/6"}],"replies":[{"embeddable":true,"href":"https:\/\/redaccion1.fcpolit.unr.edu.ar\/comision-mayol\/wp-json\/wp\/v2\/comments?post=155"}],"version-history":[{"count":0,"href":"https:\/\/redaccion1.fcpolit.unr.edu.ar\/comision-mayol\/wp-json\/wp\/v2\/posts\/155\/revisions"}],"wp:attachment":[{"href":"https:\/\/redaccion1.fcpolit.unr.edu.ar\/comision-mayol\/wp-json\/wp\/v2\/media?parent=155"}],"wp:term":[{"taxonomy":"category","embeddable":true,"href":"https:\/\/redaccion1.fcpolit.unr.edu.ar\/comision-mayol\/wp-json\/wp\/v2\/categories?post=155"},{"taxonomy":"post_tag","embeddable":true,"href":"https:\/\/redaccion1.fcpolit.unr.edu.ar\/comision-mayol\/wp-json\/wp\/v2\/tags?post=155"}],"curies":[{"name":"wp","href":"https:\/\/api.w.org\/{rel}","templated":true}]}}