{"id":152,"date":"2010-04-26T12:18:10","date_gmt":"2010-04-26T12:18:10","guid":{"rendered":"http:\/\/fcpolit.unr.edu.ar\/blogs\/redaccion1-mayol\/2010\/04\/26\/el-robin-hood-de-las-pampas\/"},"modified":"2010-04-26T12:18:10","modified_gmt":"2010-04-26T12:18:10","slug":"el-robin-hood-de-las-pampas","status":"publish","type":"post","link":"https:\/\/redaccion1.fcpolit.unr.edu.ar\/comision-mayol\/2010\/04\/26\/el-robin-hood-de-las-pampas\/","title":{"rendered":"El Robin Hood de las pampas"},"content":{"rendered":"<p><iframe loading=\"lazy\" title=\"Estudio Pa\u00eds 24: El Robin Hood de las pampas, TV P\u00fablica\" width=\"500\" height=\"375\" src=\"https:\/\/www.youtube.com\/embed\/R_7qsxXnjTw?feature=oembed\" frameborder=\"0\" allow=\"accelerometer; autoplay; clipboard-write; encrypted-media; gyroscope; picture-in-picture; web-share\" allowfullscreen><\/iframe><\/p>\n<p><strong>MATERIAL DE OBSERVACI\u00d3N<\/strong><br \/>\nDocumental emitido por <strong>Canal 7 &#8211; Televisi\u00f3n P\u00fablica<\/strong>.<\/p>\n","protected":false},"excerpt":{"rendered":"<p>MATERIAL DE OBSERVACI\u00d3N Documental emitido por Canal 7 &#8211; Televisi\u00f3n P\u00fablica.<\/p>\n","protected":false},"author":6,"featured_media":0,"comment_status":"open","ping_status":"closed","sticky":false,"template":"","format":"standard","meta":{"footnotes":""},"categories":[12],"tags":[],"_links":{"self":[{"href":"https:\/\/redaccion1.fcpolit.unr.edu.ar\/comision-mayol\/wp-json\/wp\/v2\/posts\/152"}],"collection":[{"href":"https:\/\/redaccion1.fcpolit.unr.edu.ar\/comision-mayol\/wp-json\/wp\/v2\/posts"}],"about":[{"href":"https:\/\/redaccion1.fcpolit.unr.edu.ar\/comision-mayol\/wp-json\/wp\/v2\/types\/post"}],"author":[{"embeddable":true,"href":"https:\/\/redaccion1.fcpolit.unr.edu.ar\/comision-mayol\/wp-json\/wp\/v2\/users\/6"}],"replies":[{"embeddable":true,"href":"https:\/\/redaccion1.fcpolit.unr.edu.ar\/comision-mayol\/wp-json\/wp\/v2\/comments?post=152"}],"version-history":[{"count":0,"href":"https:\/\/redaccion1.fcpolit.unr.edu.ar\/comision-mayol\/wp-json\/wp\/v2\/posts\/152\/revisions"}],"wp:attachment":[{"href":"https:\/\/redaccion1.fcpolit.unr.edu.ar\/comision-mayol\/wp-json\/wp\/v2\/media?parent=152"}],"wp:term":[{"taxonomy":"category","embeddable":true,"href":"https:\/\/redaccion1.fcpolit.unr.edu.ar\/comision-mayol\/wp-json\/wp\/v2\/categories?post=152"},{"taxonomy":"post_tag","embeddable":true,"href":"https:\/\/redaccion1.fcpolit.unr.edu.ar\/comision-mayol\/wp-json\/wp\/v2\/tags?post=152"}],"curies":[{"name":"wp","href":"https:\/\/api.w.org\/{rel}","templated":true}]}}