{"id":148,"date":"2010-04-22T18:29:00","date_gmt":"2010-04-22T18:29:00","guid":{"rendered":"http:\/\/fcpolit.unr.edu.ar\/blogs\/redaccion1-mayol\/2010\/04\/22\/cuento-corto\/"},"modified":"2010-04-22T18:29:00","modified_gmt":"2010-04-22T18:29:00","slug":"cuento-corto","status":"publish","type":"post","link":"https:\/\/redaccion1.fcpolit.unr.edu.ar\/comision-mayol\/2010\/04\/22\/cuento-corto\/","title":{"rendered":"Cuento Corto"},"content":{"rendered":"<p><img loading=\"lazy\" decoding=\"async\" alt=\"Trinidad%2029-20%25.JPG\" src=\"http:\/\/www.bdp.org.ar\/facultad\/catedras\/comsoc\/redaccion1\/mayol\/Trinidad%2029-20%25.JPG\" width=\"374\" height=\"305\" \/><br \/>\n<em>Trinidad, Cuba<br \/>\n(foto:mauri)<\/em><br \/>\n<strong>TRABAJO PR\u00c1CTICO<\/strong><\/p>\n<p><!--more--><br \/>\n<u>Consignas<\/u>:<br \/>\n1. Le\u00e9 esta noticia:<\/p>\n<blockquote><p><strong>Escriben cuento m\u00e1s corto en lengua hispana<\/strong><br \/>\n<em>&#8220;-\u00bfOlvida usted algo?- Ojal\u00e1&#8221;.<\/em> Texto del mexicano Luis Felipe G. Lomel\u00ed, titulado <em>El emigrante<\/em>, que incluy\u00f3 en su libro <em>Ella sigue de viaje<\/em><br \/>\n(El Universal &#8211; M\u00e9xico- 5\/2005)<br \/>\nPor arriba del famoso <em>El dinosaurio<\/em> de Augusto Monterroso, el cuento m\u00e1s breve, por lo menos en lengua hispana, lo escribi\u00f3 Luis Felipe G. Lomel\u00ed, titulado <em>El emigrante<\/em>, que incluy\u00f3 en su libro <em>Ella sigue de viaje<\/em>: <strong>&#8220;-\u00bfOlvida usted algo?- Ojal\u00e1&#8221;.<\/strong><\/p><\/blockquote>\n<p>2) Reflexion\u00e1 sobre el cuento corto de Lomel\u00ed relacion\u00e1ndolo con estos dos temas: <a href=\"http:\/\/www.bdp.org.ar\/facultad\/catedras\/comsoc\/redaccion1\/unidades\/2003\/03\/no_todos_comprendemos_lo_mismo.php\">No todos comprendemos lo mismo<\/a> y <a href=\"http:\/\/www.bdp.org.ar\/facultad\/catedras\/comsoc\/redaccion1\/unidades\/2003\/04\/memorias_a_largo_plazo_y_a_cor.php\">Memoria a corto y largo plazo.<\/a><br \/>\n3) Inclu\u00ed para ejemplificar alguna experiencia o an\u00e9cdota tuya o de alg\u00fan conocido relacionada al tema del cuento y los textos.<br \/>\n<u>Extensi\u00f3n<\/u>: 15 l\u00edneas.<\/p>\n","protected":false},"excerpt":{"rendered":"<p>Trinidad, Cuba (foto:mauri) TRABAJO PR\u00c1CTICO<\/p>\n","protected":false},"author":6,"featured_media":0,"comment_status":"open","ping_status":"closed","sticky":false,"template":"","format":"standard","meta":{"footnotes":""},"categories":[11],"tags":[],"_links":{"self":[{"href":"https:\/\/redaccion1.fcpolit.unr.edu.ar\/comision-mayol\/wp-json\/wp\/v2\/posts\/148"}],"collection":[{"href":"https:\/\/redaccion1.fcpolit.unr.edu.ar\/comision-mayol\/wp-json\/wp\/v2\/posts"}],"about":[{"href":"https:\/\/redaccion1.fcpolit.unr.edu.ar\/comision-mayol\/wp-json\/wp\/v2\/types\/post"}],"author":[{"embeddable":true,"href":"https:\/\/redaccion1.fcpolit.unr.edu.ar\/comision-mayol\/wp-json\/wp\/v2\/users\/6"}],"replies":[{"embeddable":true,"href":"https:\/\/redaccion1.fcpolit.unr.edu.ar\/comision-mayol\/wp-json\/wp\/v2\/comments?post=148"}],"version-history":[{"count":0,"href":"https:\/\/redaccion1.fcpolit.unr.edu.ar\/comision-mayol\/wp-json\/wp\/v2\/posts\/148\/revisions"}],"wp:attachment":[{"href":"https:\/\/redaccion1.fcpolit.unr.edu.ar\/comision-mayol\/wp-json\/wp\/v2\/media?parent=148"}],"wp:term":[{"taxonomy":"category","embeddable":true,"href":"https:\/\/redaccion1.fcpolit.unr.edu.ar\/comision-mayol\/wp-json\/wp\/v2\/categories?post=148"},{"taxonomy":"post_tag","embeddable":true,"href":"https:\/\/redaccion1.fcpolit.unr.edu.ar\/comision-mayol\/wp-json\/wp\/v2\/tags?post=148"}],"curies":[{"name":"wp","href":"https:\/\/api.w.org\/{rel}","templated":true}]}}