{"id":147,"date":"2010-04-19T15:59:50","date_gmt":"2010-04-19T15:59:50","guid":{"rendered":"http:\/\/fcpolit.unr.edu.ar\/blogs\/redaccion1-mayol\/2010\/04\/19\/clase-3-de-mayo\/"},"modified":"2010-04-19T15:59:50","modified_gmt":"2010-04-19T15:59:50","slug":"clase-3-de-mayo","status":"publish","type":"post","link":"https:\/\/redaccion1.fcpolit.unr.edu.ar\/comision-mayol\/2010\/04\/19\/clase-3-de-mayo\/","title":{"rendered":"Clase 3 de mayo"},"content":{"rendered":"<p><img loading=\"lazy\" decoding=\"async\" alt=\"Rose%20Cay%202.JPG\" src=\"http:\/\/www.bdp.org.ar\/facultad\/catedras\/comsoc\/redaccion1\/mayol\/Rose%20Cay%202.JPG\" width=\"406\" height=\"271\" \/><br \/>\n<em>Rose Cay, Mar Caribe<br \/>\n(foto:mauri)<\/em><br \/>\n<strong>COMISI\u00d3N 2<\/strong><br \/>\nLa semana que viene no hay clases por ex\u00e1menes, as\u00ed que para la pr\u00f3xima lean y env\u00eden los siguientes temas y trabajos.<\/p>\n<p><!--more--><br \/>\n<strong><u>Textos Base<\/u>:<\/strong><br \/>\n<a href=\"http:\/\/www.bdp.org.ar\/facultad\/catedras\/comsoc\/redaccion1\/unidades\/2008\/03\/la_lectura_como_proceso_cognit.php\">La lectura como proceso cognitivo y comunicativo<\/a><br \/>\n<a href=\"http:\/\/www.bdp.org.ar\/facultad\/catedras\/comsoc\/redaccion1\/unidades\/2008\/03\/estrategias_y_tareas_de_la_com.php\">Estrategias y tareas de la comprensi\u00f3n lectora<\/a><br \/>\n<a href=\"http:\/\/www.bdp.org.ar\/facultad\/catedras\/comsoc\/redaccion1\/unidades\/2008\/03\/las_tareas_de_los_lectores.php\">Las tareas de los lectores<\/a><br \/>\n<a href=\"http:\/\/www.bdp.org.ar\/facultad\/catedras\/comsoc\/redaccion1\/unidades\/2008\/03\/la_comprension_y_la_estructura.php\">La comprensi\u00f3n y la estructura de los textos<\/a><br \/>\n<a href=\"http:\/\/www.bdp.org.ar\/facultad\/catedras\/comsoc\/redaccion1\/unidades\/2008\/03\/complementacion_entre_los_proc.php\">Complementaci\u00f3n entre los procesos de lectura y escritura<\/a><br \/>\nCada uno de estos <strong>Textos Base<\/strong> con sus correspondientes <strong>Textos Fuente<\/strong>.<br \/>\n<strong><u>Lecturas<\/u>:<\/strong><br \/>\n<a href=\"http:\/\/www.bdp.org.ar\/facultad\/catedras\/comsoc\/redaccion1\/unidades\/2008\/07\/bandidos_rurales_leon_gieco.php\">Bandidos rurales<\/a><br \/>\n<a href=\"http:\/\/www.bdp.org.ar\/facultad\/catedras\/comsoc\/redaccion1\/unidades\/2008\/03\/soldados_enemigos_y_papas.php\">Cigarrillo<\/a><br \/>\n<strong><u>Trabajos Pr\u00e1cticos<\/u>:<\/strong><br \/>\n<a href=\"http:\/\/www.bdp.org.ar\/facultad\/catedras\/comsoc\/redaccion1\/mayol\/2008\/05\/taller_de_lectura_2_los_diario.php\">Diarios impresos vs Diarios digitales<\/a>. <em>Fecha de entrega: hasta el 26-4<\/em><br \/>\n<a href=\"http:\/\/www.bdp.org.ar\/facultad\/catedras\/comsoc\/redaccion1\/mayol\/2010\/04\/encuesta_sobre_diarios_digital.php#more\">Encuesta Diarios Digitales<\/a>. <em>Fecha de entrega: hasta el 3-5<\/em><br \/>\n<strong><u>Actividad<\/u>:<\/strong><br \/>\n<a href=\"http:\/\/www.bdp.org.ar\/facultad\/catedras\/comsoc\/redaccion1\/mayol\/2010\/04\/piramide_invertida.php#more\">Pir\u00e1mide Invertida<\/a>. Esta actividad enviarsela por mail a nuestra auxiliar alumna <a href=\"mailto:candebianchi@gmail.com\">Candela Bianchi<\/a>. <em>Fecha de entrega: hasta el 3-5<\/em>.<br \/>\nPara esta \u00faltima actividad relean el texto base de Noticia: <a href=\"http:\/\/www.bdp.org.ar\/facultad\/catedras\/comsoc\/redaccion1\/unidades\/2008\/03\/definiciones_y_estructura.php\">Definiciones y estructura de la noticia<\/a><br \/>\nQuienes estuvieron ausentes pueden enviar hasta ma\u00f1ana las actividades realizadas en la clase de hoy, pero de forma individual al correo de <a href=\"mailto:candebianchi@gmail.com\">Candela<\/a>:<br \/>\n<a href=\"http:\/\/www.bdp.org.ar\/facultad\/catedras\/comsoc\/redaccion1\/mayol\/2010\/04\/audiencias_de_los_diarios.php#more\">La audiencia de los diarios<\/a><br \/>\n<a href=\"http:\/\/www.bdp.org.ar\/facultad\/catedras\/comsoc\/redaccion1\/mayol\/2010\/04\/comparando_diarios.php#more\">Comparando diarios<\/a><br \/>\nVer el Material de observaci\u00f3n sobre los <strong>Bandidos Rurales<\/strong>.<br \/>\nPara ayudarlos en el tema de la acentuaci\u00f3n de las palabras, pueden leer el resumen que public\u00f3 la profesora Liberatore en su comisi\u00f3n:<a href=\"http:\/\/www.bdp.org.ar\/facultad\/catedras\/comsoc\/redaccion1\/liberatore\/2008\/05\/el_acento_y_su_uso_correcto.php\"> El acento y su uso correcto<\/a>.<br \/>\nEso es todo, como no les puedo dar una semana de vacaciones, les regalo esta playa as\u00ed refrescan un poco las ideas y se inspiran para hacer buenos trabajos.<\/p>\n","protected":false},"excerpt":{"rendered":"<p>Rose Cay, Mar Caribe (foto:mauri) COMISI\u00d3N 2 La semana que viene no hay clases por ex\u00e1menes, as\u00ed que para la pr\u00f3xima lean y env\u00eden los siguientes temas y trabajos.<\/p>\n","protected":false},"author":6,"featured_media":0,"comment_status":"open","ping_status":"closed","sticky":false,"template":"","format":"standard","meta":{"footnotes":""},"categories":[11],"tags":[],"_links":{"self":[{"href":"https:\/\/redaccion1.fcpolit.unr.edu.ar\/comision-mayol\/wp-json\/wp\/v2\/posts\/147"}],"collection":[{"href":"https:\/\/redaccion1.fcpolit.unr.edu.ar\/comision-mayol\/wp-json\/wp\/v2\/posts"}],"about":[{"href":"https:\/\/redaccion1.fcpolit.unr.edu.ar\/comision-mayol\/wp-json\/wp\/v2\/types\/post"}],"author":[{"embeddable":true,"href":"https:\/\/redaccion1.fcpolit.unr.edu.ar\/comision-mayol\/wp-json\/wp\/v2\/users\/6"}],"replies":[{"embeddable":true,"href":"https:\/\/redaccion1.fcpolit.unr.edu.ar\/comision-mayol\/wp-json\/wp\/v2\/comments?post=147"}],"version-history":[{"count":0,"href":"https:\/\/redaccion1.fcpolit.unr.edu.ar\/comision-mayol\/wp-json\/wp\/v2\/posts\/147\/revisions"}],"wp:attachment":[{"href":"https:\/\/redaccion1.fcpolit.unr.edu.ar\/comision-mayol\/wp-json\/wp\/v2\/media?parent=147"}],"wp:term":[{"taxonomy":"category","embeddable":true,"href":"https:\/\/redaccion1.fcpolit.unr.edu.ar\/comision-mayol\/wp-json\/wp\/v2\/categories?post=147"},{"taxonomy":"post_tag","embeddable":true,"href":"https:\/\/redaccion1.fcpolit.unr.edu.ar\/comision-mayol\/wp-json\/wp\/v2\/tags?post=147"}],"curies":[{"name":"wp","href":"https:\/\/api.w.org\/{rel}","templated":true}]}}