{"id":1433,"date":"2019-04-06T14:28:55","date_gmt":"2019-04-06T14:28:55","guid":{"rendered":"http:\/\/fcpolit.unr.edu.ar\/blogs\/redaccion1-mayol\/?p=1433"},"modified":"2019-04-06T14:28:55","modified_gmt":"2019-04-06T14:28:55","slug":"trabajo-pactico-1-aqui-me-presento","status":"publish","type":"post","link":"https:\/\/redaccion1.fcpolit.unr.edu.ar\/comision-mayol\/2019\/04\/06\/trabajo-pactico-1-aqui-me-presento\/","title":{"rendered":"Trabajo P\u00e1ctico 1: Aqu\u00ed me presento"},"content":{"rendered":"<p>Enviar el <strong>TP1: <\/strong><a href=\"https:\/\/blogs-fcpolit.unr.edu.ar\/redaccion1-mayol\/2015\/04\/07\/aqui-me-presento\/\" target=\"_blank\" rel=\"noopener\">Aqu\u00ed me presento<\/a> siguiendo las indicaciones que dimos en clase y publicar una copia en el grupo de Facebook. Fecha de entrega y publicaci\u00f3n: Comisi\u00f3n 8, hasta el 10\/4 &#8211; Comisi\u00f3n 4: hasta el 15\/4<\/p>\n<p><!--more--><\/p>\n<p>C\u00f3mo publicar en Facebook:<br \/>\n1. En el espacio para subir texto ver\u00e1n una barra superior con los siguientes \u00edtems: &#8220;Publicaci\u00f3n&#8221; &#8211; &#8220;Foto\/video&#8221; &#8211; &#8220;Video en vivo&#8221; &#8211; &#8220;M\u00e1s&#8221;<br \/>\n2. Seleccionar &#8220;M\u00e1s&#8221;, se desplegar\u00e1 una pantalla peque\u00f1a que entre varias opciones indica &#8220;crear documento&#8221;.<br \/>\n3. Entrar en esa opci\u00f3n, se les abrir\u00e1 una pantalla completa donde publicar textos, tambi\u00e9n se puede agregar alguna foto si lo desean.<br \/>\n4. Una vez copiado y pegado el mismo texto del trabajo pr\u00e1ctico que mandaron en archivo adjunto de word a mi correo, van al bot\u00f3n del final del documento y &#8220;Publicar&#8221;.<br \/>\n5. Recuerden que todos los textos llevan un t\u00edtulo y la identificaci\u00f3n del autor del trabajo.<\/p>\n","protected":false},"excerpt":{"rendered":"<p>Enviar el TP1: Aqu\u00ed me presento siguiendo las indicaciones que dimos en clase y publicar una copia en el grupo de Facebook. Fecha de entrega y publicaci\u00f3n: Comisi\u00f3n 8, hasta el 10\/4 &#8211; Comisi\u00f3n 4: hasta el 15\/4<\/p>\n","protected":false},"author":6,"featured_media":0,"comment_status":"open","ping_status":"open","sticky":false,"template":"","format":"standard","meta":{"footnotes":""},"categories":[21],"tags":[],"_links":{"self":[{"href":"https:\/\/redaccion1.fcpolit.unr.edu.ar\/comision-mayol\/wp-json\/wp\/v2\/posts\/1433"}],"collection":[{"href":"https:\/\/redaccion1.fcpolit.unr.edu.ar\/comision-mayol\/wp-json\/wp\/v2\/posts"}],"about":[{"href":"https:\/\/redaccion1.fcpolit.unr.edu.ar\/comision-mayol\/wp-json\/wp\/v2\/types\/post"}],"author":[{"embeddable":true,"href":"https:\/\/redaccion1.fcpolit.unr.edu.ar\/comision-mayol\/wp-json\/wp\/v2\/users\/6"}],"replies":[{"embeddable":true,"href":"https:\/\/redaccion1.fcpolit.unr.edu.ar\/comision-mayol\/wp-json\/wp\/v2\/comments?post=1433"}],"version-history":[{"count":0,"href":"https:\/\/redaccion1.fcpolit.unr.edu.ar\/comision-mayol\/wp-json\/wp\/v2\/posts\/1433\/revisions"}],"wp:attachment":[{"href":"https:\/\/redaccion1.fcpolit.unr.edu.ar\/comision-mayol\/wp-json\/wp\/v2\/media?parent=1433"}],"wp:term":[{"taxonomy":"category","embeddable":true,"href":"https:\/\/redaccion1.fcpolit.unr.edu.ar\/comision-mayol\/wp-json\/wp\/v2\/categories?post=1433"},{"taxonomy":"post_tag","embeddable":true,"href":"https:\/\/redaccion1.fcpolit.unr.edu.ar\/comision-mayol\/wp-json\/wp\/v2\/tags?post=1433"}],"curies":[{"name":"wp","href":"https:\/\/api.w.org\/{rel}","templated":true}]}}