{"id":143,"date":"2010-04-13T14:41:31","date_gmt":"2010-04-13T14:41:31","guid":{"rendered":"http:\/\/fcpolit.unr.edu.ar\/blogs\/redaccion1-mayol\/2010\/04\/13\/clase-19-de-abril\/"},"modified":"2010-04-13T14:41:31","modified_gmt":"2010-04-13T14:41:31","slug":"clase-19-de-abril","status":"publish","type":"post","link":"https:\/\/redaccion1.fcpolit.unr.edu.ar\/comision-mayol\/2010\/04\/13\/clase-19-de-abril\/","title":{"rendered":"Clase 19 de abril"},"content":{"rendered":"<p><img loading=\"lazy\" decoding=\"async\" alt=\"Camp%20Nou%20entrada%20al%20estadio%2012%25.jpg\" src=\"http:\/\/www.bdp.org.ar\/facultad\/catedras\/comsoc\/redaccion1\/mayol\/Camp%20Nou%20entrada%20al%20estadio%2012%25.jpg\" width=\"478\" height=\"222\" \/><br \/>\n<em>Entrada al Estadio Camp Nou, Barcelona<br \/>\n(foto:mauri)<\/em><br \/>\n<strong>COMISI\u00d3N 2<\/strong><br \/>\n<em>Antes de que me critiquen ac\u00e1 va la justificaci\u00f3n de por qu\u00e9 subi tantas fotos del Camp Nou.<br \/>\nExcusa 1: porque el fin de semana ganamos el cl\u00e1sico y ya est\u00e1.<br \/>\nExcusa 2: porque me parece interesante mostar algunos lugares de trabajo del periodismo en el mayor estadio de f\u00fatbol de Europa (La Tribuna para la Prensa tiene 190 asientos, 28 cabinas de radio, 2 estudios de TV)<br \/>\nExcusa 3: para que conozcan por dentro semejante Templo<\/em><br \/>\nAhora s\u00ed, para la clase que vienen lean los siguientes temas.<\/p>\n<p><!--more--><br \/>\n<a href=\"http:\/\/www.bdp.org.ar\/facultad\/catedras\/comsoc\/redaccion1\/unidades\/2003\/07\/nocion_de_audiencia_t_base_7.php\">Noci\u00f3n de Audiencia<\/a><br \/>\n<a href=\"http:\/\/www.bdp.org.ar\/facultad\/catedras\/comsoc\/redaccion1\/unidades\/2008\/03\/noticia_directa_1.php\">Noticia directa<\/a><br \/>\n<a href=\"http:\/\/www.bdp.org.ar\/facultad\/catedras\/comsoc\/redaccion1\/unidades\/2008\/03\/definiciones_y_estructura.php\">Definiciones y estructura de la noticia<\/a><br \/>\nEnviar el <strong>Trabajo Pr\u00e1ctico<\/strong>: <a href=\"http:\/\/www.bdp.org.ar\/facultad\/catedras\/comsoc\/redaccion1\/mayol\/2010\/04\/planificacion.php#more\">Planificaci\u00f3n<\/a><\/p>\n<blockquote><p>Bueno, listo, visca el Bar\u00e7a y chau<br \/>\n<img loading=\"lazy\" decoding=\"async\" alt=\"Camp%20Nou%207.jpg\" src=\"http:\/\/www.bdp.org.ar\/facultad\/catedras\/comsoc\/redaccion1\/mayol\/Camp%20Nou%207.jpg\" width=\"398\" height=\"266\" \/> <\/p><\/blockquote>\n","protected":false},"excerpt":{"rendered":"<p>Entrada al Estadio Camp Nou, Barcelona (foto:mauri) COMISI\u00d3N 2 Antes de que me critiquen ac\u00e1 va la justificaci\u00f3n de por qu\u00e9 subi tantas fotos del Camp Nou. Excusa 1: porque el fin de semana ganamos el cl\u00e1sico y ya est\u00e1. Excusa 2: porque me parece interesante mostar algunos lugares de trabajo del periodismo en el [&hellip;]<\/p>\n","protected":false},"author":6,"featured_media":0,"comment_status":"open","ping_status":"closed","sticky":false,"template":"","format":"standard","meta":{"footnotes":""},"categories":[11],"tags":[],"_links":{"self":[{"href":"https:\/\/redaccion1.fcpolit.unr.edu.ar\/comision-mayol\/wp-json\/wp\/v2\/posts\/143"}],"collection":[{"href":"https:\/\/redaccion1.fcpolit.unr.edu.ar\/comision-mayol\/wp-json\/wp\/v2\/posts"}],"about":[{"href":"https:\/\/redaccion1.fcpolit.unr.edu.ar\/comision-mayol\/wp-json\/wp\/v2\/types\/post"}],"author":[{"embeddable":true,"href":"https:\/\/redaccion1.fcpolit.unr.edu.ar\/comision-mayol\/wp-json\/wp\/v2\/users\/6"}],"replies":[{"embeddable":true,"href":"https:\/\/redaccion1.fcpolit.unr.edu.ar\/comision-mayol\/wp-json\/wp\/v2\/comments?post=143"}],"version-history":[{"count":0,"href":"https:\/\/redaccion1.fcpolit.unr.edu.ar\/comision-mayol\/wp-json\/wp\/v2\/posts\/143\/revisions"}],"wp:attachment":[{"href":"https:\/\/redaccion1.fcpolit.unr.edu.ar\/comision-mayol\/wp-json\/wp\/v2\/media?parent=143"}],"wp:term":[{"taxonomy":"category","embeddable":true,"href":"https:\/\/redaccion1.fcpolit.unr.edu.ar\/comision-mayol\/wp-json\/wp\/v2\/categories?post=143"},{"taxonomy":"post_tag","embeddable":true,"href":"https:\/\/redaccion1.fcpolit.unr.edu.ar\/comision-mayol\/wp-json\/wp\/v2\/tags?post=143"}],"curies":[{"name":"wp","href":"https:\/\/api.w.org\/{rel}","templated":true}]}}