{"id":1323,"date":"2018-04-06T17:36:55","date_gmt":"2018-04-06T17:36:55","guid":{"rendered":"http:\/\/fcpolit.unr.edu.ar\/blogs\/redaccion1-mayol\/?p=1323"},"modified":"2018-04-06T17:36:55","modified_gmt":"2018-04-06T17:36:55","slug":"clases-del-3-4-y-5-4","status":"publish","type":"post","link":"https:\/\/redaccion1.fcpolit.unr.edu.ar\/comision-mayol\/2018\/04\/06\/clases-del-3-4-y-5-4\/","title":{"rendered":"Clases del 3\/4 y 5\/4"},"content":{"rendered":"<p>Esta clase que dimos durante esta semana corresponde a las comisiones <strong>4<\/strong> y <strong>8<\/strong> y consinti\u00f3 en una introducci\u00f3n a la materia y a la modalidad del cursado y regularizaci\u00f3n.<\/p>\n<p>A esta clase corresponde la realizaci\u00f3n del <strong>Trabajo Pr\u00e1ctico 1<\/strong>: <a href=\"https:\/\/blogs.fcpolit.unr.edu.ar\/redaccion1-mayol\/2015\/04\/07\/aqui-me-presento\/\" target=\"_blank\" rel=\"noopener\">Aqu\u00ed me presento<\/a>.<\/p>\n<p>Plazos de env\u00edo: hasta el <strong>mi\u00e9rcoles 11<\/strong> ambas comisiones.<\/p>\n","protected":false},"excerpt":{"rendered":"<p>Esta clase que dimos durante esta semana corresponde a las comisiones 4 y 8 y consinti\u00f3 en una introducci\u00f3n a la materia y a la modalidad del cursado y regularizaci\u00f3n. A esta clase corresponde la realizaci\u00f3n del Trabajo Pr\u00e1ctico 1: Aqu\u00ed me presento. Plazos de env\u00edo: hasta el mi\u00e9rcoles 11 ambas comisiones.<\/p>\n","protected":false},"author":6,"featured_media":0,"comment_status":"open","ping_status":"open","sticky":false,"template":"","format":"standard","meta":{"footnotes":""},"categories":[20],"tags":[],"_links":{"self":[{"href":"https:\/\/redaccion1.fcpolit.unr.edu.ar\/comision-mayol\/wp-json\/wp\/v2\/posts\/1323"}],"collection":[{"href":"https:\/\/redaccion1.fcpolit.unr.edu.ar\/comision-mayol\/wp-json\/wp\/v2\/posts"}],"about":[{"href":"https:\/\/redaccion1.fcpolit.unr.edu.ar\/comision-mayol\/wp-json\/wp\/v2\/types\/post"}],"author":[{"embeddable":true,"href":"https:\/\/redaccion1.fcpolit.unr.edu.ar\/comision-mayol\/wp-json\/wp\/v2\/users\/6"}],"replies":[{"embeddable":true,"href":"https:\/\/redaccion1.fcpolit.unr.edu.ar\/comision-mayol\/wp-json\/wp\/v2\/comments?post=1323"}],"version-history":[{"count":0,"href":"https:\/\/redaccion1.fcpolit.unr.edu.ar\/comision-mayol\/wp-json\/wp\/v2\/posts\/1323\/revisions"}],"wp:attachment":[{"href":"https:\/\/redaccion1.fcpolit.unr.edu.ar\/comision-mayol\/wp-json\/wp\/v2\/media?parent=1323"}],"wp:term":[{"taxonomy":"category","embeddable":true,"href":"https:\/\/redaccion1.fcpolit.unr.edu.ar\/comision-mayol\/wp-json\/wp\/v2\/categories?post=1323"},{"taxonomy":"post_tag","embeddable":true,"href":"https:\/\/redaccion1.fcpolit.unr.edu.ar\/comision-mayol\/wp-json\/wp\/v2\/tags?post=1323"}],"curies":[{"name":"wp","href":"https:\/\/api.w.org\/{rel}","templated":true}]}}