{"id":1312,"date":"2017-10-18T14:09:15","date_gmt":"2017-10-18T14:09:15","guid":{"rendered":"http:\/\/fcpolit.unr.edu.ar\/blogs\/redaccion1-mayol\/?p=1312"},"modified":"2017-10-18T14:09:15","modified_gmt":"2017-10-18T14:09:15","slug":"plazos-para-la-presentacion-del-trabajo-final","status":"publish","type":"post","link":"https:\/\/redaccion1.fcpolit.unr.edu.ar\/comision-mayol\/2017\/10\/18\/plazos-para-la-presentacion-del-trabajo-final\/","title":{"rendered":"Plazos para la presentaci\u00f3n del Trabajo Final"},"content":{"rendered":"<p>El <strong>Trabajo Final<\/strong> de promoci\u00f3n de <strong>Redacci\u00f3n I<\/strong> consta de tres textos: una entrevista, un texto informativo y un texto de opini\u00f3n.<\/p>\n<p>Las fechas de presentaci\u00f3n del Trabajo Final son las siguientes:<\/p>\n<p><strong>17\/10<\/strong> y <strong>19\/10<\/strong>: Presentaci\u00f3n del tema del TF<br \/>\n<strong>24\/10<\/strong> y <strong>26\/10<\/strong>: Presentaci\u00f3n del entrevistado y preguntas de la entrevista<br \/>\n<strong>31\/10<\/strong> y<strong> 2\/11<\/strong>: Entrega de la entrevista transcripta en papel (pregunta-respuesta)<br \/>\n<strong>7\/11<\/strong> y <strong>9\/11<\/strong>: Consulta de los textos borradores informativo y de opini\u00f3n<br \/>\n<strong>14\/11<\/strong> y <strong>16\/11<\/strong>: Entrega del Trabajo Final completo en carpeta (caratula, fuentes bibliogr\u00e1ficas, entrevista, texto informativo, texto de opini\u00f3n).<\/p>\n","protected":false},"excerpt":{"rendered":"<p>El Trabajo Final de promoci\u00f3n de Redacci\u00f3n I consta de tres textos: una entrevista, un texto informativo y un texto de opini\u00f3n. Las fechas de presentaci\u00f3n del Trabajo Final son las siguientes: 17\/10 y 19\/10: Presentaci\u00f3n del tema del TF 24\/10 y 26\/10: Presentaci\u00f3n del entrevistado y preguntas de la entrevista 31\/10 y 2\/11: Entrega [&hellip;]<\/p>\n","protected":false},"author":6,"featured_media":0,"comment_status":"open","ping_status":"open","sticky":false,"template":"","format":"standard","meta":{"footnotes":""},"categories":[1],"tags":[],"_links":{"self":[{"href":"https:\/\/redaccion1.fcpolit.unr.edu.ar\/comision-mayol\/wp-json\/wp\/v2\/posts\/1312"}],"collection":[{"href":"https:\/\/redaccion1.fcpolit.unr.edu.ar\/comision-mayol\/wp-json\/wp\/v2\/posts"}],"about":[{"href":"https:\/\/redaccion1.fcpolit.unr.edu.ar\/comision-mayol\/wp-json\/wp\/v2\/types\/post"}],"author":[{"embeddable":true,"href":"https:\/\/redaccion1.fcpolit.unr.edu.ar\/comision-mayol\/wp-json\/wp\/v2\/users\/6"}],"replies":[{"embeddable":true,"href":"https:\/\/redaccion1.fcpolit.unr.edu.ar\/comision-mayol\/wp-json\/wp\/v2\/comments?post=1312"}],"version-history":[{"count":0,"href":"https:\/\/redaccion1.fcpolit.unr.edu.ar\/comision-mayol\/wp-json\/wp\/v2\/posts\/1312\/revisions"}],"wp:attachment":[{"href":"https:\/\/redaccion1.fcpolit.unr.edu.ar\/comision-mayol\/wp-json\/wp\/v2\/media?parent=1312"}],"wp:term":[{"taxonomy":"category","embeddable":true,"href":"https:\/\/redaccion1.fcpolit.unr.edu.ar\/comision-mayol\/wp-json\/wp\/v2\/categories?post=1312"},{"taxonomy":"post_tag","embeddable":true,"href":"https:\/\/redaccion1.fcpolit.unr.edu.ar\/comision-mayol\/wp-json\/wp\/v2\/tags?post=1312"}],"curies":[{"name":"wp","href":"https:\/\/api.w.org\/{rel}","templated":true}]}}