{"id":1302,"date":"2017-09-11T14:07:54","date_gmt":"2017-09-11T14:07:54","guid":{"rendered":"http:\/\/fcpolit.unr.edu.ar\/blogs\/redaccion1-mayol\/?p=1302"},"modified":"2017-09-11T14:07:54","modified_gmt":"2017-09-11T14:07:54","slug":"c4-y-c8-semana-del-129-y-149","status":"publish","type":"post","link":"https:\/\/redaccion1.fcpolit.unr.edu.ar\/comision-mayol\/2017\/09\/11\/c4-y-c8-semana-del-129-y-149\/","title":{"rendered":"C4 y C8: semana del 12\/9 y 14\/9"},"content":{"rendered":"<p>En la clase de esta semana veremos los siguientes temas:<br \/>\n<a href=\"https:\/\/blogs.fcpolit.unr.edu.ar\/programa\/2008\/03\/12\/un-texto-es-un-texto\/\" target=\"_blank\" rel=\"noopener noreferrer\">Un texto es un texto<\/a><br \/>\n<a href=\"https:\/\/blogs.fcpolit.unr.edu.ar\/programa\/2008\/03\/12\/aproximacion-a-una-tipologia-de-textos\/\" target=\"_blank\" rel=\"noopener noreferrer\">Aproximaci\u00f3n a una tipolog\u00eda de textos<\/a><br \/>\n<a href=\"https:\/\/blogs.fcpolit.unr.edu.ar\/programa\/2013\/05\/07\/hipertexto\/\" target=\"_blank\" rel=\"noopener noreferrer\">Hipertexto<\/a><br \/>\n<a href=\"https:\/\/blogs.fcpolit.unr.edu.ar\/programa\/2013\/05\/07\/enlaces-2\/\" target=\"_blank\" rel=\"noopener noreferrer\">Enlaces<\/a><br \/>\nAdem\u00e1s del <strong>Trabajo Practico 15: Clasificar seg\u00fan funci\u00f3n, trama y enlaces<\/strong> el siguiente texto y el primer nivel de cada enlace:<br \/>\n<a href=\"https:\/\/elpais.com\/internacional\/2017\/08\/07\/argentina\/1502124830_768290.html?id_externo_rsoc=FB_CC\" target=\"_blank\" rel=\"noopener noreferrer\">La desaparici\u00f3n de un joven durante un conflicto con mapuches moviliza a Argentina<\/a><br \/>\n<strong>Atenci\u00f3n<\/strong>: indicar se\u00f1alando las partes del texto donde haya marcas de otras funciones y tipos de textos adem\u00e1s de la general.<\/p>\n","protected":false},"excerpt":{"rendered":"<p>En la clase de esta semana veremos los siguientes temas: Un texto es un texto Aproximaci\u00f3n a una tipolog\u00eda de textos Hipertexto Enlaces Adem\u00e1s del Trabajo Practico 15: Clasificar seg\u00fan funci\u00f3n, trama y enlaces el siguiente texto y el primer nivel de cada enlace: La desaparici\u00f3n de un joven durante un conflicto con mapuches moviliza [&hellip;]<\/p>\n","protected":false},"author":6,"featured_media":0,"comment_status":"open","ping_status":"open","sticky":false,"template":"","format":"standard","meta":{"footnotes":""},"categories":[19],"tags":[],"_links":{"self":[{"href":"https:\/\/redaccion1.fcpolit.unr.edu.ar\/comision-mayol\/wp-json\/wp\/v2\/posts\/1302"}],"collection":[{"href":"https:\/\/redaccion1.fcpolit.unr.edu.ar\/comision-mayol\/wp-json\/wp\/v2\/posts"}],"about":[{"href":"https:\/\/redaccion1.fcpolit.unr.edu.ar\/comision-mayol\/wp-json\/wp\/v2\/types\/post"}],"author":[{"embeddable":true,"href":"https:\/\/redaccion1.fcpolit.unr.edu.ar\/comision-mayol\/wp-json\/wp\/v2\/users\/6"}],"replies":[{"embeddable":true,"href":"https:\/\/redaccion1.fcpolit.unr.edu.ar\/comision-mayol\/wp-json\/wp\/v2\/comments?post=1302"}],"version-history":[{"count":0,"href":"https:\/\/redaccion1.fcpolit.unr.edu.ar\/comision-mayol\/wp-json\/wp\/v2\/posts\/1302\/revisions"}],"wp:attachment":[{"href":"https:\/\/redaccion1.fcpolit.unr.edu.ar\/comision-mayol\/wp-json\/wp\/v2\/media?parent=1302"}],"wp:term":[{"taxonomy":"category","embeddable":true,"href":"https:\/\/redaccion1.fcpolit.unr.edu.ar\/comision-mayol\/wp-json\/wp\/v2\/categories?post=1302"},{"taxonomy":"post_tag","embeddable":true,"href":"https:\/\/redaccion1.fcpolit.unr.edu.ar\/comision-mayol\/wp-json\/wp\/v2\/tags?post=1302"}],"curies":[{"name":"wp","href":"https:\/\/api.w.org\/{rel}","templated":true}]}}