{"id":1292,"date":"2017-08-15T13:40:16","date_gmt":"2017-08-15T13:40:16","guid":{"rendered":"http:\/\/fcpolit.unr.edu.ar\/blogs\/redaccion1-mayol\/?p=1292"},"modified":"2017-08-15T13:40:16","modified_gmt":"2017-08-15T13:40:16","slug":"c4-y-c8-finalizacion-del-trabajo-de-campo","status":"publish","type":"post","link":"https:\/\/redaccion1.fcpolit.unr.edu.ar\/comision-mayol\/2017\/08\/15\/c4-y-c8-finalizacion-del-trabajo-de-campo\/","title":{"rendered":"C4 y C8: Finalizaci\u00f3n del Trabajo de campo"},"content":{"rendered":"<p>Esta semana finalizaremos el trabajo de campo de entrevista propia. Para ello deben llevar a clase la entrevista impresa en papel para poner en com\u00fan el trabajo y evaluar los resultados.<\/p>\n<p>Sobre este trabajo realizar\u00e1n el siguiente <strong>Trabajo Pr\u00e1ctico 11:<\/strong> <a href=\"https:\/\/blogs.fcpolit.unr.edu.ar\/redaccion1-mayol\/2016\/08\/16\/mi-entrevista-informativa\/\" target=\"_blank\" rel=\"noopener noreferrer\">Mi entrevista informativa.<\/a><\/p>\n<p>Esta semana\u00a0desarrollaremos los siguientes temas de la <strong>Unidad 5: <a href=\"https:\/\/blogs.fcpolit.unr.edu.ar\/programa\/2008\/03\/29\/estilos-directo-e-indirecto\/\" target=\"_blank\" rel=\"noopener noreferrer\">Enunciaci\u00f3n<\/a> y <a href=\"https:\/\/blogs.fcpolit.unr.edu.ar\/programa\/2008\/03\/29\/enunciados-referidos\/\" target=\"_blank\" rel=\"noopener noreferrer\">Enunciados Referidos<\/a>.<\/strong><\/p>\n<p>&nbsp;<\/p>\n","protected":false},"excerpt":{"rendered":"<p>Esta semana finalizaremos el trabajo de campo de entrevista propia. Para ello deben llevar a clase la entrevista impresa en papel para poner en com\u00fan el trabajo y evaluar los resultados. Sobre este trabajo realizar\u00e1n el siguiente Trabajo Pr\u00e1ctico 11: Mi entrevista informativa. Esta semana\u00a0desarrollaremos los siguientes temas de la Unidad 5: Enunciaci\u00f3n y Enunciados [&hellip;]<\/p>\n","protected":false},"author":6,"featured_media":0,"comment_status":"open","ping_status":"open","sticky":false,"template":"","format":"standard","meta":{"footnotes":""},"categories":[19],"tags":[],"_links":{"self":[{"href":"https:\/\/redaccion1.fcpolit.unr.edu.ar\/comision-mayol\/wp-json\/wp\/v2\/posts\/1292"}],"collection":[{"href":"https:\/\/redaccion1.fcpolit.unr.edu.ar\/comision-mayol\/wp-json\/wp\/v2\/posts"}],"about":[{"href":"https:\/\/redaccion1.fcpolit.unr.edu.ar\/comision-mayol\/wp-json\/wp\/v2\/types\/post"}],"author":[{"embeddable":true,"href":"https:\/\/redaccion1.fcpolit.unr.edu.ar\/comision-mayol\/wp-json\/wp\/v2\/users\/6"}],"replies":[{"embeddable":true,"href":"https:\/\/redaccion1.fcpolit.unr.edu.ar\/comision-mayol\/wp-json\/wp\/v2\/comments?post=1292"}],"version-history":[{"count":0,"href":"https:\/\/redaccion1.fcpolit.unr.edu.ar\/comision-mayol\/wp-json\/wp\/v2\/posts\/1292\/revisions"}],"wp:attachment":[{"href":"https:\/\/redaccion1.fcpolit.unr.edu.ar\/comision-mayol\/wp-json\/wp\/v2\/media?parent=1292"}],"wp:term":[{"taxonomy":"category","embeddable":true,"href":"https:\/\/redaccion1.fcpolit.unr.edu.ar\/comision-mayol\/wp-json\/wp\/v2\/categories?post=1292"},{"taxonomy":"post_tag","embeddable":true,"href":"https:\/\/redaccion1.fcpolit.unr.edu.ar\/comision-mayol\/wp-json\/wp\/v2\/tags?post=1292"}],"curies":[{"name":"wp","href":"https:\/\/api.w.org\/{rel}","templated":true}]}}