{"id":128,"date":"2010-03-29T18:53:00","date_gmt":"2010-03-29T18:53:00","guid":{"rendered":"http:\/\/fcpolit.unr.edu.ar\/blogs\/redaccion1-mayol\/2010\/03\/29\/clase-5-de-abril\/"},"modified":"2010-03-29T18:53:00","modified_gmt":"2010-03-29T18:53:00","slug":"clase-5-de-abril","status":"publish","type":"post","link":"https:\/\/redaccion1.fcpolit.unr.edu.ar\/comision-mayol\/2010\/03\/29\/clase-5-de-abril\/","title":{"rendered":"Clase 5 de abril"},"content":{"rendered":"<p><img loading=\"lazy\" decoding=\"async\" alt=\"Islas%20Ballestas%2046.jpg\" src=\"http:\/\/www.bdp.org.ar\/facultad\/catedras\/comsoc\/redaccion1\/mayol\/Islas%20Ballestas%2046.jpg\" width=\"406\" height=\"271\" \/><br \/>\n<em>Islas Ballestas, Oc\u00e9ano Pac\u00edfico<br \/>\n(foto:mauri)<\/em><br \/>\n<strong>COMISI\u00d3N 2<\/strong><br \/>\nAdem\u00e1s de los temas que estuvimos desarrollando en la <a href=\"http:\/\/www.bdp.org.ar\/facultad\/catedras\/comsoc\/redaccion1\/mayol\/2010\/03\/clase_1.php#more\">Clase 1<\/a> tienen que leer lo siguiente para la pr\u00f3xima clase.<\/p>\n<p><!--more--><br \/>\n<a href=\"http:\/\/www.bdp.org.ar\/facultad\/catedras\/comsoc\/redaccion1\/unidades\/2003\/04\/la_escritura_como_proceso_cogn.php\">La escritura como proceso cognitivo y comunicativo<\/a><br \/>\n<a href=\"http:\/\/www.bdp.org.ar\/facultad\/catedras\/comsoc\/redaccion1\/unidades\/2003\/04\/un_modelo_teorico_para_entende.php\">Un modelo te\u00f3rico para entender el mundo del escritor<\/a><br \/>\n<a href=\"http:\/\/www.bdp.org.ar\/facultad\/catedras\/comsoc\/redaccion1\/unidades\/2003\/03\/inspiracion.php\">Inspiraci\u00f3n<\/a><\/p>\n","protected":false},"excerpt":{"rendered":"<p>Islas Ballestas, Oc\u00e9ano Pac\u00edfico (foto:mauri) COMISI\u00d3N 2 Adem\u00e1s de los temas que estuvimos desarrollando en la Clase 1 tienen que leer lo siguiente para la pr\u00f3xima clase.<\/p>\n","protected":false},"author":6,"featured_media":0,"comment_status":"open","ping_status":"closed","sticky":false,"template":"","format":"standard","meta":{"footnotes":""},"categories":[11],"tags":[],"_links":{"self":[{"href":"https:\/\/redaccion1.fcpolit.unr.edu.ar\/comision-mayol\/wp-json\/wp\/v2\/posts\/128"}],"collection":[{"href":"https:\/\/redaccion1.fcpolit.unr.edu.ar\/comision-mayol\/wp-json\/wp\/v2\/posts"}],"about":[{"href":"https:\/\/redaccion1.fcpolit.unr.edu.ar\/comision-mayol\/wp-json\/wp\/v2\/types\/post"}],"author":[{"embeddable":true,"href":"https:\/\/redaccion1.fcpolit.unr.edu.ar\/comision-mayol\/wp-json\/wp\/v2\/users\/6"}],"replies":[{"embeddable":true,"href":"https:\/\/redaccion1.fcpolit.unr.edu.ar\/comision-mayol\/wp-json\/wp\/v2\/comments?post=128"}],"version-history":[{"count":0,"href":"https:\/\/redaccion1.fcpolit.unr.edu.ar\/comision-mayol\/wp-json\/wp\/v2\/posts\/128\/revisions"}],"wp:attachment":[{"href":"https:\/\/redaccion1.fcpolit.unr.edu.ar\/comision-mayol\/wp-json\/wp\/v2\/media?parent=128"}],"wp:term":[{"taxonomy":"category","embeddable":true,"href":"https:\/\/redaccion1.fcpolit.unr.edu.ar\/comision-mayol\/wp-json\/wp\/v2\/categories?post=128"},{"taxonomy":"post_tag","embeddable":true,"href":"https:\/\/redaccion1.fcpolit.unr.edu.ar\/comision-mayol\/wp-json\/wp\/v2\/tags?post=128"}],"curies":[{"name":"wp","href":"https:\/\/api.w.org\/{rel}","templated":true}]}}