{"id":1208,"date":"2016-09-12T14:52:30","date_gmt":"2016-09-12T14:52:30","guid":{"rendered":"http:\/\/fcpolit.unr.edu.ar\/blogs\/redaccion1-mayol\/?p=1208"},"modified":"2016-09-12T14:52:30","modified_gmt":"2016-09-12T14:52:30","slug":"congreso-sobre-la-democracia","status":"publish","type":"post","link":"https:\/\/redaccion1.fcpolit.unr.edu.ar\/comision-mayol\/2016\/09\/12\/congreso-sobre-la-democracia\/","title":{"rendered":"Congreso sobre la democracia"},"content":{"rendered":"<p>La semana del <strong>12\/9<\/strong> se llevar\u00e1 a cabo en nuestra facultad el <a href=\"https:\/\/blogs.fcpolit.unr.edu.ar\/comienza-el-congreso-sobre-la-democracia\/\" target=\"_blank\" rel=\"noopener\">Congreso\u00a0sobre la Democracia<\/a>. Durante esta semana nos pondremos al d\u00eda con los trabajos pr\u00e1cticos realizados en estas \u00faltimas semanas previas al segundo parcial. Los trabajos que no se reciban quedar\u00e1n fuera de t\u00e9rmino para su presentaci\u00f3n.<\/p>\n","protected":false},"excerpt":{"rendered":"<p>La semana del 12\/9 se llevar\u00e1 a cabo en nuestra facultad el Congreso\u00a0sobre la Democracia. Durante esta semana nos pondremos al d\u00eda con los trabajos pr\u00e1cticos realizados en estas \u00faltimas semanas previas al segundo parcial. Los trabajos que no se reciban quedar\u00e1n fuera de t\u00e9rmino para su presentaci\u00f3n.<\/p>\n","protected":false},"author":6,"featured_media":0,"comment_status":"open","ping_status":"open","sticky":false,"template":"","format":"standard","meta":{"footnotes":""},"categories":[6],"tags":[],"_links":{"self":[{"href":"https:\/\/redaccion1.fcpolit.unr.edu.ar\/comision-mayol\/wp-json\/wp\/v2\/posts\/1208"}],"collection":[{"href":"https:\/\/redaccion1.fcpolit.unr.edu.ar\/comision-mayol\/wp-json\/wp\/v2\/posts"}],"about":[{"href":"https:\/\/redaccion1.fcpolit.unr.edu.ar\/comision-mayol\/wp-json\/wp\/v2\/types\/post"}],"author":[{"embeddable":true,"href":"https:\/\/redaccion1.fcpolit.unr.edu.ar\/comision-mayol\/wp-json\/wp\/v2\/users\/6"}],"replies":[{"embeddable":true,"href":"https:\/\/redaccion1.fcpolit.unr.edu.ar\/comision-mayol\/wp-json\/wp\/v2\/comments?post=1208"}],"version-history":[{"count":0,"href":"https:\/\/redaccion1.fcpolit.unr.edu.ar\/comision-mayol\/wp-json\/wp\/v2\/posts\/1208\/revisions"}],"wp:attachment":[{"href":"https:\/\/redaccion1.fcpolit.unr.edu.ar\/comision-mayol\/wp-json\/wp\/v2\/media?parent=1208"}],"wp:term":[{"taxonomy":"category","embeddable":true,"href":"https:\/\/redaccion1.fcpolit.unr.edu.ar\/comision-mayol\/wp-json\/wp\/v2\/categories?post=1208"},{"taxonomy":"post_tag","embeddable":true,"href":"https:\/\/redaccion1.fcpolit.unr.edu.ar\/comision-mayol\/wp-json\/wp\/v2\/tags?post=1208"}],"curies":[{"name":"wp","href":"https:\/\/api.w.org\/{rel}","templated":true}]}}