{"id":1204,"date":"2016-09-05T14:03:50","date_gmt":"2016-09-05T14:03:50","guid":{"rendered":"http:\/\/fcpolit.unr.edu.ar\/blogs\/redaccion1-mayol\/?p=1204"},"modified":"2016-09-05T14:03:50","modified_gmt":"2016-09-05T14:03:50","slug":"lectura-actividad-y-practico-de-la-unidad-2","status":"publish","type":"post","link":"https:\/\/redaccion1.fcpolit.unr.edu.ar\/comision-mayol\/2016\/09\/05\/lectura-actividad-y-practico-de-la-unidad-2\/","title":{"rendered":"Lectura, actividad y pr\u00e1ctico de la Unidad 2"},"content":{"rendered":"<p>La semana del <strong>5\/9<\/strong> daremos la clase sobre el mundo del lector, para eso usaremos los Textos Fuente y Base de la Unidad 2:<br \/>\n<a href=\"https:\/\/blogs.fcpolit.unr.edu.ar\/programa\/2008\/03\/08\/la-lectura-como-proceso-cognitivo-y-comunicativo\/\" target=\"_blank\" rel=\"noopener\">La lectura como proceso cognitivo y comunicativo<\/a><br \/>\n<a href=\"https:\/\/blogs.fcpolit.unr.edu.ar\/programa\/2008\/03\/10\/estrategias-y-tareas-de-la-comprension-lectora\/\" target=\"_blank\" rel=\"noopener\">Estrategias y tareas de la comprensi\u00f3n lectora<\/a><br \/>\n<a href=\"https:\/\/blogs.fcpolit.unr.edu.ar\/programa\/2008\/03\/10\/la-comprension-y-la-estructura-de-los-textos\/\" target=\"_blank\" rel=\"noopener\">La comprensi\u00f3n y la estructura de los textos<\/a><br \/>\nDurante la clase utilizaremos como ejemplo esta canci\u00f3n: <a href=\"https:\/\/blogs.fcpolit.unr.edu.ar\/redaccion1-mayol\/2010\/05\/23\/bandidos-rurales\/\" target=\"_blank\" rel=\"noopener\">Bandidos Rurales<\/a><br \/>\nDeber\u00e1n mandar el <strong>Trabajo Pr\u00e1ctico N\u00b0 14<\/strong>: <a href=\"https:\/\/blogs.fcpolit.unr.edu.ar\/programa\/2008\/03\/21\/memorias-de-la-lectura\/\" target=\"_blank\" rel=\"noopener\">Memorias de la lectura<\/a><\/p>\n","protected":false},"excerpt":{"rendered":"<p>La semana del 5\/9 daremos la clase sobre el mundo del lector, para eso usaremos los Textos Fuente y Base de la Unidad 2: La lectura como proceso cognitivo y comunicativo Estrategias y tareas de la comprensi\u00f3n lectora La comprensi\u00f3n y la estructura de los textos Durante la clase utilizaremos como ejemplo esta canci\u00f3n: Bandidos [&hellip;]<\/p>\n","protected":false},"author":6,"featured_media":0,"comment_status":"open","ping_status":"open","sticky":false,"template":"","format":"standard","meta":{"footnotes":""},"categories":[6],"tags":[],"_links":{"self":[{"href":"https:\/\/redaccion1.fcpolit.unr.edu.ar\/comision-mayol\/wp-json\/wp\/v2\/posts\/1204"}],"collection":[{"href":"https:\/\/redaccion1.fcpolit.unr.edu.ar\/comision-mayol\/wp-json\/wp\/v2\/posts"}],"about":[{"href":"https:\/\/redaccion1.fcpolit.unr.edu.ar\/comision-mayol\/wp-json\/wp\/v2\/types\/post"}],"author":[{"embeddable":true,"href":"https:\/\/redaccion1.fcpolit.unr.edu.ar\/comision-mayol\/wp-json\/wp\/v2\/users\/6"}],"replies":[{"embeddable":true,"href":"https:\/\/redaccion1.fcpolit.unr.edu.ar\/comision-mayol\/wp-json\/wp\/v2\/comments?post=1204"}],"version-history":[{"count":0,"href":"https:\/\/redaccion1.fcpolit.unr.edu.ar\/comision-mayol\/wp-json\/wp\/v2\/posts\/1204\/revisions"}],"wp:attachment":[{"href":"https:\/\/redaccion1.fcpolit.unr.edu.ar\/comision-mayol\/wp-json\/wp\/v2\/media?parent=1204"}],"wp:term":[{"taxonomy":"category","embeddable":true,"href":"https:\/\/redaccion1.fcpolit.unr.edu.ar\/comision-mayol\/wp-json\/wp\/v2\/categories?post=1204"},{"taxonomy":"post_tag","embeddable":true,"href":"https:\/\/redaccion1.fcpolit.unr.edu.ar\/comision-mayol\/wp-json\/wp\/v2\/tags?post=1204"}],"curies":[{"name":"wp","href":"https:\/\/api.w.org\/{rel}","templated":true}]}}