{"id":117,"date":"2009-10-01T17:18:18","date_gmt":"2009-10-01T17:18:18","guid":{"rendered":"http:\/\/fcpolit.unr.edu.ar\/blogs\/redaccion1-mayol\/2009\/10\/01\/temas-del-trabajo-final\/"},"modified":"2009-10-01T17:18:18","modified_gmt":"2009-10-01T17:18:18","slug":"temas-del-trabajo-final","status":"publish","type":"post","link":"https:\/\/redaccion1.fcpolit.unr.edu.ar\/comision-mayol\/2009\/10\/01\/temas-del-trabajo-final\/","title":{"rendered":"Temas del Trabajo Final"},"content":{"rendered":"<p><img loading=\"lazy\" decoding=\"async\" alt=\"Ren%E9%20Magritte.%20L%92Introuvable_lo%20inhallable%2C%201964.jpg\" src=\"http:\/\/www.bdp.org.ar\/facultad\/catedras\/comsoc\/redaccion1\/mayol\/Ren%E9%20Magritte.%20L%92Introuvable_lo%20inhallable%2C%201964.jpg\" width=\"432\" height=\"343\" \/><br \/>\n<em>Rene Magritte, &#8220;Lo inhallable&#8221;, 1964<\/em><br \/>\nA continuaci\u00f3n pongo los temas propuestos por los alumnos para el <strong>Trabajo Final<\/strong>.<\/p>\n<p><!--more--><\/p>\n<blockquote><p><u>Temas aprobados<\/u><br \/>\n<strong>BEISERMAN Federico<\/strong> &#8211; Educacion sexual en las escuelas primarias de Rosario<br \/>\n<strong>BISANG Gabriel<\/strong> &#8211;  Problem\u00e1tica del Dengue en el departamento Las Colonias<br \/>\n<strong>BISIACCO Florencia<\/strong> &#8211; Aumento de la violencia en las escuelas primarias de Venado Tuerto<br \/>\n<strong>BOERO Luciana<\/strong>  &#8211;   Los intercambios culturales con fines educativos<br \/>\n<strong>BOSIO Marilin<\/strong> &#8211; Nivel elevado de ars\u00e9nico en el agua de Villa Elo\u00edsa<br \/>\n<strong>CARRA Federico<\/strong> &#8211; Tratamiento de la basura en Rosario<br \/>\n<strong>COLETTI Mart\u00edn<\/strong> &#8211; Inauguraci\u00f3n de una escuela municipal de educaci\u00f3n vial para ni\u00f1os en Ca\u00f1ada de G\u00f3mez.<br \/>\n<strong>CORREA Irene<\/strong> &#8211; Los menores en riesgo en la ciudad de Coronda<br \/>\n<strong>FREIRE Guadalupe<\/strong>  &#8211;  7\u00ba Aniversario de la Biblioteca Pocho Leprati<br \/>\n<strong>GARC\u00cdA KARL Candelaria<\/strong> &#8211; Participaci\u00f3n de un equipo sub 16 de b\u00e1squet de Monte Ma\u00edz en los pr\u00f3ximos juegos &#8220;Evita&#8221; (octubre de 2009)<br \/>\n<strong>LOPEZ Mayra<\/strong> &#8211; 4 a\u00f1os de la empresa de transporte Ferrocentral<br \/>\n<strong>NIDD Santiago<\/strong> &#8211; La legalizaci\u00f3n de la marihuana en Argentina, comparaci\u00f3n con el sistema holand\u00e9s.<br \/>\n<strong>PASTORINO Johel<\/strong> &#8211; Centenario de la fundaci\u00f3n de la localidad de Ferr\u00e9<br \/>\n<strong>POZZI Danilo<\/strong> &#8211; Tratamiento de enfermedades infecciosas en los centros de salud de asistencia p\u00fablica de la ciudad de Rosario<br \/>\n<strong>PRADOS Mar\u00eda Sol<\/strong> &#8211; Actividades de la Fundaci\u00f3n Alborada de Rosario<br \/>\n<strong>PRIM\u00d3N Sabrina <\/strong>&#8211; Carencia de acueducto en la localidad de Cha\u00f1ar Ladeado<br \/>\n<strong>RICCA Joana<\/strong>  &#8211;  50 a\u00f1os de la Cooperativa Telef\u00f3nica de San Genaro<br \/>\n<strong>RICHARD Aixa<\/strong> &#8211;  La destrucci\u00f3n de humedales en la costa del r\u00edo Uruguay<br \/>\n<strong>TABACMAN David<\/strong> &#8211; La inclusi\u00f3n de las nuevas tecnolog\u00edas en los colegios secundarios privados de Rosario<br \/>\n<strong>TESEI Mar\u00eda Clara<\/strong> &#8211;  Jornada art\u00edstica y cultural en la escuela t\u00e9cnica 288<\/p><\/blockquote>\n","protected":false},"excerpt":{"rendered":"<p>Rene Magritte, &#8220;Lo inhallable&#8221;, 1964 A continuaci\u00f3n pongo los temas propuestos por los alumnos para el Trabajo Final.<\/p>\n","protected":false},"author":6,"featured_media":0,"comment_status":"open","ping_status":"closed","sticky":false,"template":"","format":"standard","meta":{"footnotes":""},"categories":[10],"tags":[],"_links":{"self":[{"href":"https:\/\/redaccion1.fcpolit.unr.edu.ar\/comision-mayol\/wp-json\/wp\/v2\/posts\/117"}],"collection":[{"href":"https:\/\/redaccion1.fcpolit.unr.edu.ar\/comision-mayol\/wp-json\/wp\/v2\/posts"}],"about":[{"href":"https:\/\/redaccion1.fcpolit.unr.edu.ar\/comision-mayol\/wp-json\/wp\/v2\/types\/post"}],"author":[{"embeddable":true,"href":"https:\/\/redaccion1.fcpolit.unr.edu.ar\/comision-mayol\/wp-json\/wp\/v2\/users\/6"}],"replies":[{"embeddable":true,"href":"https:\/\/redaccion1.fcpolit.unr.edu.ar\/comision-mayol\/wp-json\/wp\/v2\/comments?post=117"}],"version-history":[{"count":0,"href":"https:\/\/redaccion1.fcpolit.unr.edu.ar\/comision-mayol\/wp-json\/wp\/v2\/posts\/117\/revisions"}],"wp:attachment":[{"href":"https:\/\/redaccion1.fcpolit.unr.edu.ar\/comision-mayol\/wp-json\/wp\/v2\/media?parent=117"}],"wp:term":[{"taxonomy":"category","embeddable":true,"href":"https:\/\/redaccion1.fcpolit.unr.edu.ar\/comision-mayol\/wp-json\/wp\/v2\/categories?post=117"},{"taxonomy":"post_tag","embeddable":true,"href":"https:\/\/redaccion1.fcpolit.unr.edu.ar\/comision-mayol\/wp-json\/wp\/v2\/tags?post=117"}],"curies":[{"name":"wp","href":"https:\/\/api.w.org\/{rel}","templated":true}]}}