{"id":116,"date":"2009-09-28T17:22:31","date_gmt":"2009-09-28T17:22:31","guid":{"rendered":"http:\/\/fcpolit.unr.edu.ar\/blogs\/redaccion1-mayol\/2009\/09\/28\/calendario-hasta-el-final\/"},"modified":"2009-09-28T17:22:31","modified_gmt":"2009-09-28T17:22:31","slug":"calendario-hasta-el-final","status":"publish","type":"post","link":"https:\/\/redaccion1.fcpolit.unr.edu.ar\/comision-mayol\/2009\/09\/28\/calendario-hasta-el-final\/","title":{"rendered":"Calendario hasta el final"},"content":{"rendered":"<p><img loading=\"lazy\" decoding=\"async\" alt=\"magritte31_el%20jinete%20perdido-50.jpg\" src=\"http:\/\/www.bdp.org.ar\/facultad\/catedras\/comsoc\/redaccion1\/mayol\/magritte31_el%20jinete%20perdido-50.jpg\" width=\"364\" height=\"288\" \/><br \/>\n<em>Rene Magritte, &#8220;El jinete perdido&#8221;, 1948<\/em><br \/>\nPara que se orienten sobre los pr\u00f3ximos pasos a seguir, aqu\u00ed pongo el calendario de actividades desde la clase que viene hasta la entrega del <a href=\"http:\/\/www.bdp.org.ar\/facultad\/catedras\/comsoc\/redaccion1\/mayol\/2009\/09\/trabajo_final_4.php#more\">Trabajo Final<\/a>.<\/p>\n<p><!--more--><\/p>\n<blockquote><p><u>5 de octubre<\/u>:  <strong>Consulta y presentaci\u00f3n del tema del Trabajo Final<\/strong>, deben presentar el tema por escrito, las posibles fuentes de informaci\u00f3n, si ya lo saben el posible entrevistado y la fundamentaci\u00f3n (justificaci\u00f3n, por qu\u00e9 eligieron ese tema). Los que no puedan asistir tienen que enviarlo por correo antes del viernes 2 de octubre. El tema deber\u00e1 ser aprobado ese d\u00eda, para poder comenzar con la investigacion del mismo. No se pueden presentar trabajos finales cuyo tema no haya sido aprobado.<\/p><\/blockquote>\n<blockquote><p><u>12 de octubre<\/u>: <strong>Feriado nacional<\/strong>, no se dictan clases<\/p><\/blockquote>\n<blockquote><p><u>19 de octubre<\/u>: <strong>Clase especial<\/strong> de <a href=\"http:\/\/www.bdp.org.ar\/facultad\/catedras\/comsoc\/redaccion1\/mayol\/2009\/09\/entrevista.php#more\">Entrevista<\/a> a cargo de Candela<\/p><\/blockquote>\n<blockquote><p><u>26 de octubre<\/u>: <strong>Consulta presencial en el horario de clases<\/strong> a cargo de Candela sobre el tema y realizaci\u00f3n de un trabajo de entrevista que utilizar\u00e1n como fuente principal para su trabajo final<\/p><\/blockquote>\n<blockquote><p><u>2 de noviembre<\/u>: <strong>Consulta no presencial<\/strong>, es decir, por correo electr\u00f3nico, con Candela sobre la realizaci\u00f3n de la entrevista. Podr\u00e1n realizar las consultas a partir del lunes y hasta el jueves 5, para que puedan ser respondidas antes del fin de semana.<\/p><\/blockquote>\n<blockquote><p><u>9 de noviembre<\/u>: <strong>Entrega de la Entrevista<\/strong> realizada para su correcci\u00f3n, se la enviaran por mail a Candela.<\/p><\/blockquote>\n<blockquote><p><u>16 de noviembre<\/u>: <strong>Consultas sobre el Trabajo Final<\/strong>, por mail a Candela, podr\u00e1n realizarlas hasta el dia jueves 19 para que puedan ser respondidas antes del fin de semana<\/p><\/blockquote>\n<blockquote><p><u>23 de noviembre<\/u>: <strong>Consultas sobre el Trabajo Final<\/strong>, por mail a Mauricio, podr\u00e1n realizarlas hasta el dia jueves 26 para que puedan ser respondidas antes del fin de semana. Las consultas deben ser puntuales y no sobre la totalidad del trabajo.<\/p><\/blockquote>\n<blockquote><p><u>30 de noviembre<\/u>: <strong>Entrega del Trabajo Final<\/strong>, lo har\u00e1n por mail a Mauricio, en un solo archivo todos los textos y en otro archivo anexo los elementos que resulten demasiado pesados para poner en el archivo de word, tales como fotograf\u00edas, etc.<\/p><\/blockquote>\n<blockquote><p>A partir de esa fecha comenzar\u00e1 la correcci\u00f3n de los Trabajos Finales, que ser\u00e1n devueltos a sus due\u00f1os con la nota de aprobaci\u00f3n correspondiente como cualquier otro trabajo pr\u00e1ctico. Una vez finalizada la correcci\u00f3n de los trabajos de todos los alumnos se colocar\u00e1 en el blog las notas finales de promoci\u00f3n de Redaccion I. <\/p><\/blockquote>\n<blockquote><p><u>Nota final de cursado<\/u>: la fecha aproximada para la comunicaci\u00f3n de la nota final de cursado ser\u00e1 la segunda semana de diciembre.<\/p><\/blockquote>\n","protected":false},"excerpt":{"rendered":"<p>Rene Magritte, &#8220;El jinete perdido&#8221;, 1948 Para que se orienten sobre los pr\u00f3ximos pasos a seguir, aqu\u00ed pongo el calendario de actividades desde la clase que viene hasta la entrega del Trabajo Final.<\/p>\n","protected":false},"author":6,"featured_media":0,"comment_status":"open","ping_status":"closed","sticky":false,"template":"","format":"standard","meta":{"footnotes":""},"categories":[10],"tags":[],"_links":{"self":[{"href":"https:\/\/redaccion1.fcpolit.unr.edu.ar\/comision-mayol\/wp-json\/wp\/v2\/posts\/116"}],"collection":[{"href":"https:\/\/redaccion1.fcpolit.unr.edu.ar\/comision-mayol\/wp-json\/wp\/v2\/posts"}],"about":[{"href":"https:\/\/redaccion1.fcpolit.unr.edu.ar\/comision-mayol\/wp-json\/wp\/v2\/types\/post"}],"author":[{"embeddable":true,"href":"https:\/\/redaccion1.fcpolit.unr.edu.ar\/comision-mayol\/wp-json\/wp\/v2\/users\/6"}],"replies":[{"embeddable":true,"href":"https:\/\/redaccion1.fcpolit.unr.edu.ar\/comision-mayol\/wp-json\/wp\/v2\/comments?post=116"}],"version-history":[{"count":0,"href":"https:\/\/redaccion1.fcpolit.unr.edu.ar\/comision-mayol\/wp-json\/wp\/v2\/posts\/116\/revisions"}],"wp:attachment":[{"href":"https:\/\/redaccion1.fcpolit.unr.edu.ar\/comision-mayol\/wp-json\/wp\/v2\/media?parent=116"}],"wp:term":[{"taxonomy":"category","embeddable":true,"href":"https:\/\/redaccion1.fcpolit.unr.edu.ar\/comision-mayol\/wp-json\/wp\/v2\/categories?post=116"},{"taxonomy":"post_tag","embeddable":true,"href":"https:\/\/redaccion1.fcpolit.unr.edu.ar\/comision-mayol\/wp-json\/wp\/v2\/tags?post=116"}],"curies":[{"name":"wp","href":"https:\/\/api.w.org\/{rel}","templated":true}]}}