{"id":1153,"date":"2016-05-30T16:04:10","date_gmt":"2016-05-30T16:04:10","guid":{"rendered":"http:\/\/fcpolit.unr.edu.ar\/blogs\/redaccion1-mayol\/?p=1153"},"modified":"2016-05-30T16:04:10","modified_gmt":"2016-05-30T16:04:10","slug":"planificar-y-reconstruir-una-noticia","status":"publish","type":"post","link":"https:\/\/redaccion1.fcpolit.unr.edu.ar\/comision-mayol\/2016\/05\/30\/planificar-y-reconstruir-una-noticia\/","title":{"rendered":"Planificar y reconstruir una noticia"},"content":{"rendered":"<p><strong>TRABAJO PR\u00c1CTICO. <\/strong><em><strong>(M.MAYOL)<\/strong><\/em><\/p>\n<p>Objetivo: trabajar y redactar noticias directas con estructura de pir\u00e1mide invertida.<br \/>\nRelaci\u00f3n con unidades: <strong>Unidad 8<\/strong>.<a href=\"https:\/\/blogs.fcpolit.unr.edu.ar\/programa\/2008\/03\/11\/concepto-y-estructura-de-la-noticia-mar-de-fontcuberta\/\" target=\"_blank\" rel=\"noopener\">Concepto y estructura de noticias<\/a><\/p>\n<p><!--more--><\/p>\n<p><strong>CONSIGNA:<\/strong><\/p>\n<p>A continuaci\u00f3n, van a encontrar datos pertenecientes a noticias.<br \/>\nTienen que elegir uno de ellos, y reconstruir la noticia siguiendo el modelo de la pir\u00e1mide invertida. Teniendo en cuenta que el macroacto de habla es &#8220;informar&#8221;, planificar e indicar\u00a0otros actos de habla que\u00a0aparecen en el texto\u00a0producido.\u00a0 Los datos que faltan en las noticias a elegir pueden ser inventados. La noticia debe contener t\u00edtulo, bajada, lid y 3 p\u00e1rrafos. Presentar la planificaci\u00f3n y la noticia final. Extensi\u00f3n m\u00ednima: 15 l\u00edneas.<\/p>\n<p><strong>Noticia N\u00ba 1:<\/strong><br \/>\nTema: muerte de un indigente mientras dorm\u00eda<br \/>\n\u2013 Un indigente de 60 a\u00f1os<br \/>\n\u2013 El veh\u00edculo se prendi\u00f3 fuego<br \/>\n\u2013 Cerca de las 6 de la ma\u00f1ana de ayer<br \/>\n\u2013 Muri\u00f3 calcinado<br \/>\n\u2013 Los vecinos lo reconocen como un indigente que vive en el barrio<br \/>\n\u2013 En Campbell entre Jos\u00e9 Ingenieros y Cullen<\/p>\n<p><strong>Noticia N\u00ba 2:<\/strong><br \/>\nTema: 50 kilos de marihuana en un Falcon<br \/>\n\u2013 El chofer del auto, un joven bonaerense de 23 a\u00f1os, qued\u00f3 detenido<br \/>\n\u2013 El acompa\u00f1ante huy\u00f3<br \/>\n\u2013 Fue el lunes pasado, alrededor de las diez de la noche<br \/>\n\u2013 El control se realiz\u00f3 en el cruce de rutas 34 y A-012<br \/>\n\u2013 Personal de la Patrulla de Caminos realizaba un control de rutina<br \/>\n\u2013 Encontraron casi cincuenta kilos de marihuana compactada con cinta de embalar<\/p>\n<p><strong>Noticia N\u00b0 3:<\/strong><br \/>\nTema: Ataque de guepardos<br \/>\n\u2013 Una turista brit\u00e1nica atacada por guepardos en un reserva africana<br \/>\n\u2013 result\u00f3 ilesa<br \/>\n\u2013 el marido captur\u00f3 la escena en video<br \/>\n\u2013 demandar\u00e1 a los responsables de la reserva animal<\/p>\n<p><strong>Noticia N\u00ba 4:<\/strong><br \/>\nTema: cr\u00edmenes contra inmigrantes<br \/>\n\u2013 Tres asesinatos y cinco intentos de inmigrantes turcos<br \/>\n\u2013 Ocurrieron en Malmo (Suecia) el a\u00f1o pasado por medio de disparos de un francotirador en lugares p\u00fablicos<br \/>\n\u2013 La polic\u00eda detuvo ayer a un sospechoso vinculado a organizaciones neonazis<br \/>\n\u2013 Fue luego de seguir varias pistas en coordinaci\u00f3n con organismos de seguridad europeos<\/p>\n<p><strong>Noticia N\u00b0 5:<\/strong><br \/>\nTema: Cortan circunvalaci\u00f3n en el acceso a autopista<br \/>\n\u2013 Como consecuencia se produce un choque entre un colectivo y una camioneta<br \/>\n\u2013 Ayer en horas del mediod\u00eda<br \/>\n\u2013 Alrededor de 40 vecinos que reclamaban viviendas o tierras donde instalarse<\/p>\n<p>&nbsp;<\/p>\n","protected":false},"excerpt":{"rendered":"<p>TRABAJO PR\u00c1CTICO. (M.MAYOL) Objetivo: trabajar y redactar noticias directas con estructura de pir\u00e1mide invertida. Relaci\u00f3n con unidades: Unidad 8.Concepto y estructura de noticias<\/p>\n","protected":false},"author":6,"featured_media":0,"comment_status":"open","ping_status":"open","sticky":false,"template":"","format":"standard","meta":{"footnotes":""},"categories":[3],"tags":[],"_links":{"self":[{"href":"https:\/\/redaccion1.fcpolit.unr.edu.ar\/comision-mayol\/wp-json\/wp\/v2\/posts\/1153"}],"collection":[{"href":"https:\/\/redaccion1.fcpolit.unr.edu.ar\/comision-mayol\/wp-json\/wp\/v2\/posts"}],"about":[{"href":"https:\/\/redaccion1.fcpolit.unr.edu.ar\/comision-mayol\/wp-json\/wp\/v2\/types\/post"}],"author":[{"embeddable":true,"href":"https:\/\/redaccion1.fcpolit.unr.edu.ar\/comision-mayol\/wp-json\/wp\/v2\/users\/6"}],"replies":[{"embeddable":true,"href":"https:\/\/redaccion1.fcpolit.unr.edu.ar\/comision-mayol\/wp-json\/wp\/v2\/comments?post=1153"}],"version-history":[{"count":0,"href":"https:\/\/redaccion1.fcpolit.unr.edu.ar\/comision-mayol\/wp-json\/wp\/v2\/posts\/1153\/revisions"}],"wp:attachment":[{"href":"https:\/\/redaccion1.fcpolit.unr.edu.ar\/comision-mayol\/wp-json\/wp\/v2\/media?parent=1153"}],"wp:term":[{"taxonomy":"category","embeddable":true,"href":"https:\/\/redaccion1.fcpolit.unr.edu.ar\/comision-mayol\/wp-json\/wp\/v2\/categories?post=1153"},{"taxonomy":"post_tag","embeddable":true,"href":"https:\/\/redaccion1.fcpolit.unr.edu.ar\/comision-mayol\/wp-json\/wp\/v2\/tags?post=1153"}],"curies":[{"name":"wp","href":"https:\/\/api.w.org\/{rel}","templated":true}]}}