{"id":106,"date":"2009-08-24T20:09:04","date_gmt":"2009-08-24T20:09:04","guid":{"rendered":"http:\/\/fcpolit.unr.edu.ar\/blogs\/redaccion1-mayol\/2009\/08\/24\/clase-13-contar-narrar\/"},"modified":"2009-08-24T20:09:04","modified_gmt":"2009-08-24T20:09:04","slug":"clase-13-contar-narrar","status":"publish","type":"post","link":"https:\/\/redaccion1.fcpolit.unr.edu.ar\/comision-mayol\/2009\/08\/24\/clase-13-contar-narrar\/","title":{"rendered":"Clase 13: Contar, Narrar"},"content":{"rendered":"<p><img loading=\"lazy\" decoding=\"async\" alt=\"rene%20magritte-firma%20en%20blanco_1965.jpg\" src=\"http:\/\/www.bdp.org.ar\/facultad\/catedras\/comsoc\/redaccion1\/mayol\/rene%20magritte-firma%20en%20blanco_1965.jpg\" width=\"303\" height=\"354\" \/><br \/>\n<em>Rene Magritte, &#8220;Firma en blanco&#8221;, 1965<\/em><br \/>\nEl <strong>lunes 31<\/strong> volvemos a clases y comenzamos con la <strong>Unidad 6<\/strong>.<\/p>\n<p><!--more--><br \/>\nPara la pr\u00f3xima clase deben leer los siguientes textos:<br \/>\n<u>Textos Base<\/u>:<br \/>\n<a href=\"http:\/\/www.bdp.org.ar\/facultad\/catedras\/comsoc\/redaccion1\/unidades\/2008\/04\/la_narracion_como_una_de_las_d.php\">La narraci\u00f3n como una de las dos grandes tendencias en la elaboraci\u00f3n de textos.<\/a><br \/>\n<a href=\"http:\/\/www.bdp.org.ar\/facultad\/catedras\/comsoc\/redaccion1\/unidades\/2008\/04\/breves_nociones_teoricas_sobre.php\">Breves nociones te\u00f3ricas sobre la evoluci\u00f3n hist\u00f3rica del relato.<\/a><br \/>\n<u>Textos Fuente<\/u>:<br \/>\n<a href=\"http:\/\/www.bdp.org.ar\/facultad\/catedras\/comsoc\/redaccion1\/unidades\/2008\/04\/dos_modalidades_de_pensamiento.php\">Dos modalidades de pensamiento.<\/a><br \/>\n<a href=\"http:\/\/www.bdp.org.ar\/facultad\/catedras\/comsoc\/redaccion1\/unidades\/2008\/04\/la_inteligibilidad_narrativa.php\">La inteligibilidad narrativa.<\/a><br \/>\n<a href=\"http:\/\/www.bdp.org.ar\/facultad\/catedras\/comsoc\/redaccion1\/unidades\/2008\/04\/morfologia_del_cuento.php\">Morfolog\u00eda del cuento.<\/a><br \/>\n<a href=\"http:\/\/www.bdp.org.ar\/facultad\/catedras\/comsoc\/redaccion1\/unidades\/2008\/04\/analisis_estructural_de_los_re.php\">An\u00e1lisis estructural de los relatos.<\/a><br \/>\n<u>Actividad<\/u>:<br \/>\nDurante la clase haremos la <strong>Actividad 13:<\/strong> <a href=\"http:\/\/www.bdp.org.ar\/facultad\/catedras\/comsoc\/redaccion1\/unidades\/2008\/09\/relatos_grupales.php\">Relatos grupales<\/a>.<br \/>\n<u>Trabajos Pr\u00e1cticos<\/u>:<br \/>\n<strong>Trabajo Pr\u00e1ctico 13:<\/strong> <a href=\"http:\/\/www.bdp.org.ar\/facultad\/catedras\/comsoc\/redaccion1\/unidades\/2008\/07\/movimiento.php\">Movimiento.<\/a><br \/>\n<strong>Trabajo Optativo 1:<\/strong> <a href=\"http:\/\/www.bdp.org.ar\/facultad\/catedras\/comsoc\/redaccion1\/unidades\/2008\/07\/caribe_magico_1.php\">Mundo M\u00e1gico.<\/a><br \/>\n<strong>Trabajo Optativo 2:<\/strong> <a href=\"http:\/\/www.bdp.org.ar\/facultad\/catedras\/comsoc\/redaccion1\/unidades\/2008\/07\/neruda.php\">Sue\u00f1os.<\/a><br \/>\nLos trabajos optativos se ofrecen especialmente para quienes no tengan a\u00fan cubierto el 75% de los trabajos pr\u00e1cticos obligatorios.<br \/>\nLa fecha de entrega del trabajo obligatorio es el <strong>viernes 4 de setiembre<\/strong> y la de los trabajos optativos, el <strong>lunes 7 de setiembre<\/strong>. A partir de este cuatrimestre ya no se recibir\u00e1n m\u00e1s los trabajos fuera de t\u00e9rmino.<\/p>\n","protected":false},"excerpt":{"rendered":"<p>Rene Magritte, &#8220;Firma en blanco&#8221;, 1965 El lunes 31 volvemos a clases y comenzamos con la Unidad 6.<\/p>\n","protected":false},"author":6,"featured_media":0,"comment_status":"open","ping_status":"closed","sticky":false,"template":"","format":"standard","meta":{"footnotes":""},"categories":[10],"tags":[],"_links":{"self":[{"href":"https:\/\/redaccion1.fcpolit.unr.edu.ar\/comision-mayol\/wp-json\/wp\/v2\/posts\/106"}],"collection":[{"href":"https:\/\/redaccion1.fcpolit.unr.edu.ar\/comision-mayol\/wp-json\/wp\/v2\/posts"}],"about":[{"href":"https:\/\/redaccion1.fcpolit.unr.edu.ar\/comision-mayol\/wp-json\/wp\/v2\/types\/post"}],"author":[{"embeddable":true,"href":"https:\/\/redaccion1.fcpolit.unr.edu.ar\/comision-mayol\/wp-json\/wp\/v2\/users\/6"}],"replies":[{"embeddable":true,"href":"https:\/\/redaccion1.fcpolit.unr.edu.ar\/comision-mayol\/wp-json\/wp\/v2\/comments?post=106"}],"version-history":[{"count":0,"href":"https:\/\/redaccion1.fcpolit.unr.edu.ar\/comision-mayol\/wp-json\/wp\/v2\/posts\/106\/revisions"}],"wp:attachment":[{"href":"https:\/\/redaccion1.fcpolit.unr.edu.ar\/comision-mayol\/wp-json\/wp\/v2\/media?parent=106"}],"wp:term":[{"taxonomy":"category","embeddable":true,"href":"https:\/\/redaccion1.fcpolit.unr.edu.ar\/comision-mayol\/wp-json\/wp\/v2\/categories?post=106"},{"taxonomy":"post_tag","embeddable":true,"href":"https:\/\/redaccion1.fcpolit.unr.edu.ar\/comision-mayol\/wp-json\/wp\/v2\/tags?post=106"}],"curies":[{"name":"wp","href":"https:\/\/api.w.org\/{rel}","templated":true}]}}