{"id":1040,"date":"2015-09-18T14:42:54","date_gmt":"2015-09-18T14:42:54","guid":{"rendered":"http:\/\/fcpolit.unr.edu.ar\/blogs\/redaccion1-mayol\/?p=1040"},"modified":"2015-09-18T14:42:54","modified_gmt":"2015-09-18T14:42:54","slug":"lectura-229-y-249","status":"publish","type":"post","link":"https:\/\/redaccion1.fcpolit.unr.edu.ar\/comision-mayol\/2015\/09\/18\/lectura-229-y-249\/","title":{"rendered":"Lectura 22\/9 y 24\/9"},"content":{"rendered":"<p>Leer Textos Base y Fuente:<\/p>\n<p><strong>TB1:<\/strong>\u00a0<a href=\"https:\/\/blogs.fcpolit.unr.edu.ar\/programa\/2008\/04\/12\/la-narracion-como-una-de-las-dos-grandes-tendencias-en-la-elaboracion-de-textos\/\">La narraci\u00f3n como una de las dos grandes tendencias en la elaboraci\u00f3n de textos<\/a><\/p>\n<p><strong>TB2: <\/strong><a href=\"https:\/\/blogs.fcpolit.unr.edu.ar\/programa\/2008\/04\/12\/breves-nociones-teoricas-sobre-la-evolucion-historica-del-relato\/\">Breves nociones te\u00f3ricas sobre la evoluci\u00f3n hist\u00f3rica del relato<\/a><\/p>\n<p><strong>TP 16:<\/strong> <a href=\"https:\/\/blogs.fcpolit.unr.edu.ar\/programa\/2011\/09\/18\/elementos-narrativos\/\" target=\"_blank\" rel=\"noopener\">Elementos Narrativos<\/a>\u00a0<em>(*)<\/em><\/p>\n<p><strong>TP 17:<\/strong> <a href=\"https:\/\/blogs.fcpolit.unr.edu.ar\/redaccion1-mayol\/2015\/09\/22\/relato-libre\/\" target=\"_blank\" rel=\"noopener\">Relato libre<\/a><\/p>\n<p><strong>Actividad:<\/strong> <a href=\"https:\/\/blogs.fcpolit.unr.edu.ar\/redaccion1-mayol\/2010\/08\/30\/el-rostro\/\" target=\"_blank\" rel=\"noopener\">El rostro<\/a>, con la siguiente reformulaci\u00f3n: no se publicar\u00e1 en el blog la imagen elegida y el trabajo se leer\u00e1 en clase.<\/p>\n<p><em>(*) El TP16 se realizar\u00e1 y leer\u00e1 en clase.<\/em><\/p>\n","protected":false},"excerpt":{"rendered":"<p>Leer Textos Base y Fuente: TB1:\u00a0La narraci\u00f3n como una de las dos grandes tendencias en la elaboraci\u00f3n de textos TB2: Breves nociones te\u00f3ricas sobre la evoluci\u00f3n hist\u00f3rica del relato TP 16: Elementos Narrativos\u00a0(*) TP 17: Relato libre Actividad: El rostro, con la siguiente reformulaci\u00f3n: no se publicar\u00e1 en el blog la imagen elegida y el [&hellip;]<\/p>\n","protected":false},"author":6,"featured_media":0,"comment_status":"open","ping_status":"open","sticky":false,"template":"","format":"standard","meta":{"footnotes":""},"categories":[18],"tags":[],"_links":{"self":[{"href":"https:\/\/redaccion1.fcpolit.unr.edu.ar\/comision-mayol\/wp-json\/wp\/v2\/posts\/1040"}],"collection":[{"href":"https:\/\/redaccion1.fcpolit.unr.edu.ar\/comision-mayol\/wp-json\/wp\/v2\/posts"}],"about":[{"href":"https:\/\/redaccion1.fcpolit.unr.edu.ar\/comision-mayol\/wp-json\/wp\/v2\/types\/post"}],"author":[{"embeddable":true,"href":"https:\/\/redaccion1.fcpolit.unr.edu.ar\/comision-mayol\/wp-json\/wp\/v2\/users\/6"}],"replies":[{"embeddable":true,"href":"https:\/\/redaccion1.fcpolit.unr.edu.ar\/comision-mayol\/wp-json\/wp\/v2\/comments?post=1040"}],"version-history":[{"count":0,"href":"https:\/\/redaccion1.fcpolit.unr.edu.ar\/comision-mayol\/wp-json\/wp\/v2\/posts\/1040\/revisions"}],"wp:attachment":[{"href":"https:\/\/redaccion1.fcpolit.unr.edu.ar\/comision-mayol\/wp-json\/wp\/v2\/media?parent=1040"}],"wp:term":[{"taxonomy":"category","embeddable":true,"href":"https:\/\/redaccion1.fcpolit.unr.edu.ar\/comision-mayol\/wp-json\/wp\/v2\/categories?post=1040"},{"taxonomy":"post_tag","embeddable":true,"href":"https:\/\/redaccion1.fcpolit.unr.edu.ar\/comision-mayol\/wp-json\/wp\/v2\/tags?post=1040"}],"curies":[{"name":"wp","href":"https:\/\/api.w.org\/{rel}","templated":true}]}}