{"id":103,"date":"2009-06-30T12:38:43","date_gmt":"2009-06-30T12:38:43","guid":{"rendered":"http:\/\/fcpolit.unr.edu.ar\/blogs\/redaccion1-mayol\/2009\/06\/30\/receso-invernal\/"},"modified":"2009-06-30T12:38:43","modified_gmt":"2009-06-30T12:38:43","slug":"receso-invernal","status":"publish","type":"post","link":"https:\/\/redaccion1.fcpolit.unr.edu.ar\/comision-mayol\/2009\/06\/30\/receso-invernal\/","title":{"rendered":"Receso invernal"},"content":{"rendered":"<p><img loading=\"lazy\" decoding=\"async\" alt=\"Pablo%20Picasso_Rest_1932.jpg\" src=\"http:\/\/www.bdp.org.ar\/facultad\/catedras\/comsoc\/redaccion1\/mayol\/Pablo%20Picasso_Rest_1932.jpg\" width=\"400\" height=\"267\" \/><br \/>\n<em>Pablo Picasso, &#8220;Descanso&#8221;, 1932<\/em><br \/>\nEste a\u00f1o el receso comenz\u00f3 un par de semanas antes por la famosa Influenza, y por lo tanto tambi\u00e9n para nosotros terminar\u00e1 unos d\u00edas antes.<\/p>\n<p><!--more--><br \/>\nEl <strong>2\u00ba Trabajo Integrador<\/strong> que deb\u00edamos tomar antes del final del cuatrimestre ha sido reprogramado si no median inconvenientes no previstos, para el <strong>lunes 3 de agosto<\/strong>, y los <strong>Recuperatorios 1 y 2<\/strong> ser\u00e1n en la semana del <strong>10 al 14 de agosto<\/strong>, en fecha a determinar.<br \/>\nPara el <strong>Segundo Integrador<\/strong> entran todos los temas vistos a partir de la <strong>Clase 7<\/strong> a la <strong>Clase 12<\/strong> publicados en este blog.<br \/>\nTeniendo en cuenta el feriado del 17 de agosto, las clases para nuestra comisi\u00f3n se retomar\u00e1n el d\u00eda <strong>24 de agosto<\/strong>.<br \/>\nComo la figura de la ilustraci\u00f3n, descansen, estudien, cu\u00eddense y nos volvemos a encontrar luego del receso.<\/p>\n","protected":false},"excerpt":{"rendered":"<p>Pablo Picasso, &#8220;Descanso&#8221;, 1932 Este a\u00f1o el receso comenz\u00f3 un par de semanas antes por la famosa Influenza, y por lo tanto tambi\u00e9n para nosotros terminar\u00e1 unos d\u00edas antes.<\/p>\n","protected":false},"author":6,"featured_media":0,"comment_status":"open","ping_status":"closed","sticky":false,"template":"","format":"standard","meta":{"footnotes":""},"categories":[10],"tags":[],"_links":{"self":[{"href":"https:\/\/redaccion1.fcpolit.unr.edu.ar\/comision-mayol\/wp-json\/wp\/v2\/posts\/103"}],"collection":[{"href":"https:\/\/redaccion1.fcpolit.unr.edu.ar\/comision-mayol\/wp-json\/wp\/v2\/posts"}],"about":[{"href":"https:\/\/redaccion1.fcpolit.unr.edu.ar\/comision-mayol\/wp-json\/wp\/v2\/types\/post"}],"author":[{"embeddable":true,"href":"https:\/\/redaccion1.fcpolit.unr.edu.ar\/comision-mayol\/wp-json\/wp\/v2\/users\/6"}],"replies":[{"embeddable":true,"href":"https:\/\/redaccion1.fcpolit.unr.edu.ar\/comision-mayol\/wp-json\/wp\/v2\/comments?post=103"}],"version-history":[{"count":0,"href":"https:\/\/redaccion1.fcpolit.unr.edu.ar\/comision-mayol\/wp-json\/wp\/v2\/posts\/103\/revisions"}],"wp:attachment":[{"href":"https:\/\/redaccion1.fcpolit.unr.edu.ar\/comision-mayol\/wp-json\/wp\/v2\/media?parent=103"}],"wp:term":[{"taxonomy":"category","embeddable":true,"href":"https:\/\/redaccion1.fcpolit.unr.edu.ar\/comision-mayol\/wp-json\/wp\/v2\/categories?post=103"},{"taxonomy":"post_tag","embeddable":true,"href":"https:\/\/redaccion1.fcpolit.unr.edu.ar\/comision-mayol\/wp-json\/wp\/v2\/tags?post=103"}],"curies":[{"name":"wp","href":"https:\/\/api.w.org\/{rel}","templated":true}]}}