{"id":101,"date":"2009-06-22T17:49:52","date_gmt":"2009-06-22T17:49:52","guid":{"rendered":"http:\/\/fcpolit.unr.edu.ar\/blogs\/redaccion1-mayol\/2009\/06\/22\/clase-12-el-texto\/"},"modified":"2009-06-22T17:49:52","modified_gmt":"2009-06-22T17:49:52","slug":"clase-12-el-texto","status":"publish","type":"post","link":"https:\/\/redaccion1.fcpolit.unr.edu.ar\/comision-mayol\/2009\/06\/22\/clase-12-el-texto\/","title":{"rendered":"Clase 12: El texto"},"content":{"rendered":"<p><img loading=\"lazy\" decoding=\"async\" alt=\"Salvador%20Dali_Cinquenta%2C%20Tigre%20Real_1963.jpg\" src=\"http:\/\/www.bdp.org.ar\/facultad\/catedras\/comsoc\/redaccion1\/mayol\/Salvador%20Dali_Cinquenta%2C%20Tigre%20Real_1963.jpg\" width=\"400\" height=\"267\" \/><br \/>\n<em>Salvador Dali, &#8220;Cinquenta, Tigre Real&#8221;, 1963<\/em><br \/>\nEl d\u00eda <strong>lunes 29 de junio<\/strong>, la Facultad permanecer\u00e1 cerrada por disposici\u00f3n de las autoridades de la UNR. La <strong>Unidad 3<\/strong> planificada para ese d\u00eda, ser\u00e1 entonces dada a distancia, por lo que deber\u00e1n enviar a mi correo la actividad correspondiente.<\/p>\n<p><!--more--><br \/>\nLeer los siguientes <strong>Textos Base<\/strong> y sus correspondientes <strong>Textos Fuente<\/strong> de la <strong>Unidad 3<\/strong>:<br \/>\n<a href=\"http:\/\/www.bdp.org.ar\/facultad\/catedras\/comsoc\/redaccion1\/unidades\/2008\/03\/un_texto_es_un_texto.php\">Un texto es un texto<\/a><br \/>\n<a href=\"http:\/\/www.bdp.org.ar\/facultad\/catedras\/comsoc\/redaccion1\/unidades\/2008\/03\/aproximacion_a_una_tipologia_d.php\">Aproximaci\u00f3n a una tipolog\u00eda de textos<\/a><br \/>\nJunto a la <strong>Actividad 12<\/strong> correspondiente de la <strong>Unidad 3<\/strong>, deber\u00e1n enviar el texto usado para el an\u00e1lisis, para esto elegir: un texto period\u00edstico digitalizado de un diario o revista que pueda ser analizado en su estructura. No puede ser texto de ficci\u00f3n (cuento, etc.) ni entrevistas. Pueden ser notas period\u00edsticas, de investigaci\u00f3n, cr\u00f3nicas de viaje, de inter\u00e9s general, notas culturales, de personalidades, etc.  En el caso de que sea texto publicado en internet, bastar\u00e1 enviar solo el link de acceso. En este caso envienme la Actividad a mi correo ya que es la \u00fanica de evaluaci\u00f3n de la Unidad. Tienen tiempo para ello hasta el <strong>viernes 3 de julio<\/strong>.<br \/>\n<strong>Actividad 12:<\/strong> <a href=\"http:\/\/www.bdp.org.ar\/facultad\/catedras\/comsoc\/redaccion1\/unidades\/2008\/03\/aproximacion_a_una_tipologia_d.php\">Tipologias de textos<\/a><\/p>\n","protected":false},"excerpt":{"rendered":"<p>Salvador Dali, &#8220;Cinquenta, Tigre Real&#8221;, 1963 El d\u00eda lunes 29 de junio, la Facultad permanecer\u00e1 cerrada por disposici\u00f3n de las autoridades de la UNR. La Unidad 3 planificada para ese d\u00eda, ser\u00e1 entonces dada a distancia, por lo que deber\u00e1n enviar a mi correo la actividad correspondiente.<\/p>\n","protected":false},"author":6,"featured_media":0,"comment_status":"open","ping_status":"closed","sticky":false,"template":"","format":"standard","meta":{"footnotes":""},"categories":[10],"tags":[],"_links":{"self":[{"href":"https:\/\/redaccion1.fcpolit.unr.edu.ar\/comision-mayol\/wp-json\/wp\/v2\/posts\/101"}],"collection":[{"href":"https:\/\/redaccion1.fcpolit.unr.edu.ar\/comision-mayol\/wp-json\/wp\/v2\/posts"}],"about":[{"href":"https:\/\/redaccion1.fcpolit.unr.edu.ar\/comision-mayol\/wp-json\/wp\/v2\/types\/post"}],"author":[{"embeddable":true,"href":"https:\/\/redaccion1.fcpolit.unr.edu.ar\/comision-mayol\/wp-json\/wp\/v2\/users\/6"}],"replies":[{"embeddable":true,"href":"https:\/\/redaccion1.fcpolit.unr.edu.ar\/comision-mayol\/wp-json\/wp\/v2\/comments?post=101"}],"version-history":[{"count":0,"href":"https:\/\/redaccion1.fcpolit.unr.edu.ar\/comision-mayol\/wp-json\/wp\/v2\/posts\/101\/revisions"}],"wp:attachment":[{"href":"https:\/\/redaccion1.fcpolit.unr.edu.ar\/comision-mayol\/wp-json\/wp\/v2\/media?parent=101"}],"wp:term":[{"taxonomy":"category","embeddable":true,"href":"https:\/\/redaccion1.fcpolit.unr.edu.ar\/comision-mayol\/wp-json\/wp\/v2\/categories?post=101"},{"taxonomy":"post_tag","embeddable":true,"href":"https:\/\/redaccion1.fcpolit.unr.edu.ar\/comision-mayol\/wp-json\/wp\/v2\/tags?post=101"}],"curies":[{"name":"wp","href":"https:\/\/api.w.org\/{rel}","templated":true}]}}