{"id":1006,"date":"2015-08-24T13:41:45","date_gmt":"2015-08-24T13:41:45","guid":{"rendered":"http:\/\/fcpolit.unr.edu.ar\/blogs\/redaccion1-mayol\/?p=1006"},"modified":"2015-08-24T13:41:45","modified_gmt":"2015-08-24T13:41:45","slug":"actividades-y-practico-unidad-4","status":"publish","type":"post","link":"https:\/\/redaccion1.fcpolit.unr.edu.ar\/comision-mayol\/2015\/08\/24\/actividades-y-practico-unidad-4\/","title":{"rendered":"Actividades y Pr\u00e1ctico Unidad 4"},"content":{"rendered":"<p>Actividades de lectura y trabajo pr\u00e1ctico:<\/p>\n<p><a href=\"https:\/\/blogs.fcpolit.unr.edu.ar\/programa\/2008\/07\/18\/la-tortuga-leo-masliah\/\" target=\"_blank\" rel=\"noopener\">La Tortuga<\/a><\/p>\n<p><a href=\"https:\/\/blogs.fcpolit.unr.edu.ar\/programa\/2008\/04\/10\/literatura-con-vallas-leo-masliah\/\" target=\"_blank\" rel=\"noopener\">Literatura con vallas<\/a><\/p>\n<p><strong>Trabajo Pr\u00e1ctico 13:<\/strong> <a href=\"https:\/\/blogs.fcpolit.unr.edu.ar\/programa\/2008\/08\/22\/transformar-un-no-texto-en-un-texto\/\" target=\"_blank\" rel=\"noopener\">Transformaci\u00f3n<\/a><\/p>\n<p>Actualizaci\u00f3n de la consigna del TP 13: el texto redactado a partir del no texto debe ser una <strong>noticia<\/strong>, por lo\u00a0cual tienen que realizar las adaptaciones temporales que correspondan.<\/p>\n","protected":false},"excerpt":{"rendered":"<p>Actividades de lectura y trabajo pr\u00e1ctico: La Tortuga Literatura con vallas Trabajo Pr\u00e1ctico 13: Transformaci\u00f3n Actualizaci\u00f3n de la consigna del TP 13: el texto redactado a partir del no texto debe ser una noticia, por lo\u00a0cual tienen que realizar las adaptaciones temporales que correspondan.<\/p>\n","protected":false},"author":6,"featured_media":0,"comment_status":"open","ping_status":"open","sticky":false,"template":"","format":"standard","meta":{"footnotes":""},"categories":[18],"tags":[],"_links":{"self":[{"href":"https:\/\/redaccion1.fcpolit.unr.edu.ar\/comision-mayol\/wp-json\/wp\/v2\/posts\/1006"}],"collection":[{"href":"https:\/\/redaccion1.fcpolit.unr.edu.ar\/comision-mayol\/wp-json\/wp\/v2\/posts"}],"about":[{"href":"https:\/\/redaccion1.fcpolit.unr.edu.ar\/comision-mayol\/wp-json\/wp\/v2\/types\/post"}],"author":[{"embeddable":true,"href":"https:\/\/redaccion1.fcpolit.unr.edu.ar\/comision-mayol\/wp-json\/wp\/v2\/users\/6"}],"replies":[{"embeddable":true,"href":"https:\/\/redaccion1.fcpolit.unr.edu.ar\/comision-mayol\/wp-json\/wp\/v2\/comments?post=1006"}],"version-history":[{"count":0,"href":"https:\/\/redaccion1.fcpolit.unr.edu.ar\/comision-mayol\/wp-json\/wp\/v2\/posts\/1006\/revisions"}],"wp:attachment":[{"href":"https:\/\/redaccion1.fcpolit.unr.edu.ar\/comision-mayol\/wp-json\/wp\/v2\/media?parent=1006"}],"wp:term":[{"taxonomy":"category","embeddable":true,"href":"https:\/\/redaccion1.fcpolit.unr.edu.ar\/comision-mayol\/wp-json\/wp\/v2\/categories?post=1006"},{"taxonomy":"post_tag","embeddable":true,"href":"https:\/\/redaccion1.fcpolit.unr.edu.ar\/comision-mayol\/wp-json\/wp\/v2\/tags?post=1006"}],"curies":[{"name":"wp","href":"https:\/\/api.w.org\/{rel}","templated":true}]}}