{"id":979,"date":"2013-06-04T12:39:42","date_gmt":"2013-06-04T12:39:42","guid":{"rendered":"http:\/\/fcpolit.unr.edu.ar\/blogs\/redaccion1-margarit\/?p=979"},"modified":"2013-06-04T12:39:42","modified_gmt":"2013-06-04T12:39:42","slug":"salida-al-campo-1-2","status":"publish","type":"post","link":"https:\/\/redaccion1.fcpolit.unr.edu.ar\/comision-margarit\/2013\/06\/04\/salida-al-campo-1-2\/","title":{"rendered":"Salida al campo 1"},"content":{"rendered":"<p><a style=\"color: #ff4b33;line-height: 24px\" href=\"https:\/\/blogs.fcpolit.unr.edu.ar\/redaccion1-margarit\/files\/2013\/06\/mujeres.jpg\"><img loading=\"lazy\" decoding=\"async\" class=\"alignright  wp-image-980\" alt=\"mujeres\" src=\"https:\/\/blogs.fcpolit.unr.edu.ar\/redaccion1-margarit\/files\/2013\/06\/mujeres-150x150.jpg\" width=\"180\" height=\"180\" \/><\/a><br \/>\nEl objetivo de este trabajo es asistir a un evento de agenda de esta semana, asumir el rol de estudiante de\u00a0Comunicaci\u00f3n Social, desarrollar todo el proceso productivo de una noticia.<!--more--><!--more--><\/p>\n<p><strong>Consigna<\/strong><\/p>\n<p>1) Asistan a la conferencia <a title=\"mujeres y comunicaci\u00f3n\" href=\"http:\/\/www.spr.org.ar\/libre-expresion\/noticias\/charla-debate-en-el-dia-del-periodista-la-desigualdad-de-genero-desde-los-medios.html\">Mujeres y comunicaci\u00f3n: la desigualdad de g\u00e9neros construida desde los medios <\/a>. Concurran\u00a0con los elementos que les hagan falta y dispongan para tomar nota, registro de audio, im\u00e1genes.<br \/>\n2) Planifiquen una noticia directa con hip\u00f3tesis de publicaci\u00f3n en un diario matutino local.<br \/>\n3) Redacten el texto de la noticia teniendo en cuenta el esquema de pir\u00e1mide invertida.Titular.<br \/>\n4) Entrega en la clase del martes 11 de junio.<\/p>\n<p>Alternativas:<\/p>\n<p>D\u00eda 5 de junio, en la facultad: de 8 a 10 hs, en el Laboratorio de Sonido, LABSO, Quique Pesoa grabar\u00e1 narraciones\u00a0en el marco del proyecto de Voluntariado Universitario &#8220;Cuenta Cuentos&#8221; para la Escuela de chicos ciegos de nuestra ciudad.<\/p>\n<p>D\u00eda 5 de junio, en la facultad: a las 18 hs. los periodistas Carlos del Frade, Leonardo Ricciardino e integrantes de La Garganta Poderosa compartir\u00e1n un panel sobre el rol del periodismo y el cambio social. Organiza la agrupaci\u00f3n Santiago Pampill\u00f3n.<\/p>\n<p>D\u00eda 6 de junio, en la facultad: a las 9,30, \u00a0aula 104, se desarrollar\u00e1 \u00a0el encuentro de representantes de pueblos originarios para tratar el tema \u00bfPor qu\u00e9 la comunicaci\u00f3n es un derecho humano?<\/p>\n<p><a href=\"https:\/\/blogs.fcpolit.unr.edu.ar\/redaccion1-margarit\/files\/2013\/06\/comunicaci\u00f3n-derecho-humano.jpg\"><img loading=\"lazy\" decoding=\"async\" class=\"alignleft size-medium wp-image-981\" alt=\"comunicaci\u00f3n derecho humano\" src=\"https:\/\/blogs.fcpolit.unr.edu.ar\/redaccion1-margarit\/files\/2013\/06\/comunicaci\u00f3n-derecho-humano-241x300.jpg\" width=\"241\" height=\"300\" \/><\/a><\/p>\n","protected":false},"excerpt":{"rendered":"<p>El objetivo de este trabajo es asistir a un evento de agenda de esta semana, asumir el rol de estudiante de\u00a0Comunicaci\u00f3n Social, desarrollar todo el proceso productivo de una noticia.<\/p>\n","protected":false},"author":1,"featured_media":0,"comment_status":"open","ping_status":"open","sticky":false,"template":"","format":"standard","meta":{"footnotes":""},"categories":[3],"tags":[],"_links":{"self":[{"href":"https:\/\/redaccion1.fcpolit.unr.edu.ar\/comision-margarit\/wp-json\/wp\/v2\/posts\/979"}],"collection":[{"href":"https:\/\/redaccion1.fcpolit.unr.edu.ar\/comision-margarit\/wp-json\/wp\/v2\/posts"}],"about":[{"href":"https:\/\/redaccion1.fcpolit.unr.edu.ar\/comision-margarit\/wp-json\/wp\/v2\/types\/post"}],"author":[{"embeddable":true,"href":"https:\/\/redaccion1.fcpolit.unr.edu.ar\/comision-margarit\/wp-json\/wp\/v2\/users\/1"}],"replies":[{"embeddable":true,"href":"https:\/\/redaccion1.fcpolit.unr.edu.ar\/comision-margarit\/wp-json\/wp\/v2\/comments?post=979"}],"version-history":[{"count":0,"href":"https:\/\/redaccion1.fcpolit.unr.edu.ar\/comision-margarit\/wp-json\/wp\/v2\/posts\/979\/revisions"}],"wp:attachment":[{"href":"https:\/\/redaccion1.fcpolit.unr.edu.ar\/comision-margarit\/wp-json\/wp\/v2\/media?parent=979"}],"wp:term":[{"taxonomy":"category","embeddable":true,"href":"https:\/\/redaccion1.fcpolit.unr.edu.ar\/comision-margarit\/wp-json\/wp\/v2\/categories?post=979"},{"taxonomy":"post_tag","embeddable":true,"href":"https:\/\/redaccion1.fcpolit.unr.edu.ar\/comision-margarit\/wp-json\/wp\/v2\/tags?post=979"}],"curies":[{"name":"wp","href":"https:\/\/api.w.org\/{rel}","templated":true}]}}