{"id":941,"date":"2013-05-21T15:59:36","date_gmt":"2013-05-21T15:59:36","guid":{"rendered":"http:\/\/fcpolit.unr.edu.ar\/blogs\/redaccion1-margarit\/?p=941"},"modified":"2013-05-21T15:59:36","modified_gmt":"2013-05-21T15:59:36","slug":"actos-de-habla-materiales-de-observacion","status":"publish","type":"post","link":"https:\/\/redaccion1.fcpolit.unr.edu.ar\/comision-margarit\/2013\/05\/21\/actos-de-habla-materiales-de-observacion\/","title":{"rendered":"Actos de habla: materiales de observaci\u00f3n"},"content":{"rendered":"<p>Leeremos materiales para reconocer actos de habla.<\/p>\n<p>En noticias:<\/p>\n<p><a title=\"esi\" href=\"http:\/\/www.elciudadanoweb.com\/?p=375985\">Un proyecto que buscar educar desde el respeto<\/a><\/p>\n<p><a title=\"padre nu\u00f1ez\" href=\"http:\/\/www.lacapital.com.ar\/la-ciudad\/Zabalza-le-pidio-a-la-hermana-Jordan-que-entregue-su-centro-comunitario-a-la-provincia-20130521-0049.html\">&#8220;Zabalza le pidi\u00f3 a la hermana Jord\u00e1n que entregue su centro comunitario a la provincia&#8221;<\/a><\/p>\n<p><a title=\"diana conti\" href=\"http:\/\/www.lacapital.com.ar\/ed_impresa\/2013\/5\/edicion_1653\/contenidos\/noticia_5081.html\">Diana Conti desat\u00f3 feroz interna en T\u00e9lam<\/a><\/p>\n<p><!--more--><\/p>\n<p>En cartas de lectores:<\/p>\n<p><a title=\"bullying\" href=\"http:\/\/www.lacapital.com.ar\/ed_impresa\/2013\/5\/edicion_1653\/contenidos\/noticia_5024.html\">El bullying y la igualdad<\/a><\/p>\n<p><a title=\"leandro\" href=\"http:\/\/www.lacapital.com.ar\/ed_impresa\/2013\/5\/edicion_1651\/contenidos\/noticia_5183.html\">Gracias en nombre de Leandro<\/a><\/p>\n<p><a title=\"docentes\" href=\"http:\/\/www.lacapital.com.ar\/ed_impresa\/2013\/5\/edicion_1651\/contenidos\/noticia_5181.html\">Despidos a docentes (II)<\/a><\/p>\n","protected":false},"excerpt":{"rendered":"<p>Leeremos materiales para reconocer actos de habla. En noticias: Un proyecto que buscar educar desde el respeto &#8220;Zabalza le pidi\u00f3 a la hermana Jord\u00e1n que entregue su centro comunitario a la provincia&#8221; Diana Conti desat\u00f3 feroz interna en T\u00e9lam<\/p>\n","protected":false},"author":1,"featured_media":0,"comment_status":"open","ping_status":"open","sticky":false,"template":"","format":"standard","meta":{"footnotes":""},"categories":[6],"tags":[],"_links":{"self":[{"href":"https:\/\/redaccion1.fcpolit.unr.edu.ar\/comision-margarit\/wp-json\/wp\/v2\/posts\/941"}],"collection":[{"href":"https:\/\/redaccion1.fcpolit.unr.edu.ar\/comision-margarit\/wp-json\/wp\/v2\/posts"}],"about":[{"href":"https:\/\/redaccion1.fcpolit.unr.edu.ar\/comision-margarit\/wp-json\/wp\/v2\/types\/post"}],"author":[{"embeddable":true,"href":"https:\/\/redaccion1.fcpolit.unr.edu.ar\/comision-margarit\/wp-json\/wp\/v2\/users\/1"}],"replies":[{"embeddable":true,"href":"https:\/\/redaccion1.fcpolit.unr.edu.ar\/comision-margarit\/wp-json\/wp\/v2\/comments?post=941"}],"version-history":[{"count":0,"href":"https:\/\/redaccion1.fcpolit.unr.edu.ar\/comision-margarit\/wp-json\/wp\/v2\/posts\/941\/revisions"}],"wp:attachment":[{"href":"https:\/\/redaccion1.fcpolit.unr.edu.ar\/comision-margarit\/wp-json\/wp\/v2\/media?parent=941"}],"wp:term":[{"taxonomy":"category","embeddable":true,"href":"https:\/\/redaccion1.fcpolit.unr.edu.ar\/comision-margarit\/wp-json\/wp\/v2\/categories?post=941"},{"taxonomy":"post_tag","embeddable":true,"href":"https:\/\/redaccion1.fcpolit.unr.edu.ar\/comision-margarit\/wp-json\/wp\/v2\/tags?post=941"}],"curies":[{"name":"wp","href":"https:\/\/api.w.org\/{rel}","templated":true}]}}