{"id":937,"date":"2013-05-17T21:38:10","date_gmt":"2013-05-17T21:38:10","guid":{"rendered":"http:\/\/fcpolit.unr.edu.ar\/blogs\/redaccion1-margarit\/?p=937"},"modified":"2013-05-17T21:38:10","modified_gmt":"2013-05-17T21:38:10","slug":"estudiar-para-el-martes-21-de-mayo","status":"publish","type":"post","link":"https:\/\/redaccion1.fcpolit.unr.edu.ar\/comision-margarit\/2013\/05\/17\/estudiar-para-el-martes-21-de-mayo\/","title":{"rendered":"Estudiar para el martes 21 de mayo"},"content":{"rendered":"<p>La pr\u00f3xima clase abordaremos el panorama de la escritura como procedimiento estrat\u00e9gico. En ese marco se despliegan tres tipos de estrategias: interactivas y pragm\u00e1ticas, sem\u00e1nticas y de coherencia local. Abordaremos las primeras.<\/p>\n<p><!--more-->Por lo tanto estudiar los siguientes temas:<\/p>\n<p><a href=\"https:\/\/blogs.fcpolit.unr.edu.ar\/programa\/2007\/05\/18\/concepto-de-estrategia-t-base-8\/\" target=\"_blank\" rel=\"noopener\">Concepto de estrategia<\/a><br \/>\n<a href=\"https:\/\/blogs.fcpolit.unr.edu.ar\/programa\/2007\/05\/18\/estrategias-de-produccion-t-base-9\/\" target=\"_blank\" rel=\"noopener\">Estrategias de producci\u00f3n<\/a><br \/>\n<a href=\"https:\/\/blogs.fcpolit.unr.edu.ar\/programa\/2007\/05\/18\/estrategias-interactivas-y-pragmaticas-t-base-10\/\" target=\"_blank\" rel=\"noopener\">Estrategias interactivas y pragm\u00e1ticas<\/a><\/p>\n<p><a title=\"interaccion\" href=\"https:\/\/blogs.fcpolit.unr.edu.ar\/programa\/2008\/06\/13\/el-discurso-como-interaccion-en-la-sociedad-teun-van-dijk\/\">El discurso como interacci\u00f3n en la sociedad<\/a><\/p>\n<p>Recuerden lo dicho en la reuni\u00f3n anterior: llevar seleccionadas una o varias noticias pol\u00edticas que contengan fragmentos del discurso de los protagonistas.<\/p>\n<p>&nbsp;<\/p>\n","protected":false},"excerpt":{"rendered":"<p>La pr\u00f3xima clase abordaremos el panorama de la escritura como procedimiento estrat\u00e9gico. En ese marco se despliegan tres tipos de estrategias: interactivas y pragm\u00e1ticas, sem\u00e1nticas y de coherencia local. Abordaremos las primeras.<\/p>\n","protected":false},"author":1,"featured_media":0,"comment_status":"open","ping_status":"open","sticky":false,"template":"","format":"standard","meta":{"footnotes":""},"categories":[2],"tags":[],"_links":{"self":[{"href":"https:\/\/redaccion1.fcpolit.unr.edu.ar\/comision-margarit\/wp-json\/wp\/v2\/posts\/937"}],"collection":[{"href":"https:\/\/redaccion1.fcpolit.unr.edu.ar\/comision-margarit\/wp-json\/wp\/v2\/posts"}],"about":[{"href":"https:\/\/redaccion1.fcpolit.unr.edu.ar\/comision-margarit\/wp-json\/wp\/v2\/types\/post"}],"author":[{"embeddable":true,"href":"https:\/\/redaccion1.fcpolit.unr.edu.ar\/comision-margarit\/wp-json\/wp\/v2\/users\/1"}],"replies":[{"embeddable":true,"href":"https:\/\/redaccion1.fcpolit.unr.edu.ar\/comision-margarit\/wp-json\/wp\/v2\/comments?post=937"}],"version-history":[{"count":0,"href":"https:\/\/redaccion1.fcpolit.unr.edu.ar\/comision-margarit\/wp-json\/wp\/v2\/posts\/937\/revisions"}],"wp:attachment":[{"href":"https:\/\/redaccion1.fcpolit.unr.edu.ar\/comision-margarit\/wp-json\/wp\/v2\/media?parent=937"}],"wp:term":[{"taxonomy":"category","embeddable":true,"href":"https:\/\/redaccion1.fcpolit.unr.edu.ar\/comision-margarit\/wp-json\/wp\/v2\/categories?post=937"},{"taxonomy":"post_tag","embeddable":true,"href":"https:\/\/redaccion1.fcpolit.unr.edu.ar\/comision-margarit\/wp-json\/wp\/v2\/tags?post=937"}],"curies":[{"name":"wp","href":"https:\/\/api.w.org\/{rel}","templated":true}]}}