{"id":896,"date":"2013-05-04T20:44:43","date_gmt":"2013-05-04T20:44:43","guid":{"rendered":"http:\/\/fcpolit.unr.edu.ar\/blogs\/redaccion1-margarit\/?p=896"},"modified":"2013-05-04T20:44:43","modified_gmt":"2013-05-04T20:44:43","slug":"planificacion-conjunta-ingreso-a-la-facultad","status":"publish","type":"post","link":"https:\/\/redaccion1.fcpolit.unr.edu.ar\/comision-margarit\/2013\/05\/04\/planificacion-conjunta-ingreso-a-la-facultad\/","title":{"rendered":"Planificaci\u00f3n conjunta: ingreso a la facultad"},"content":{"rendered":"<p>Experimentamos con el\u00a0<a title=\"modelo H y F\" href=\"https:\/\/blogs.fcpolit.unr.edu.ar\/programa\/2003\/04\/05\/un-modelo-teorico-para-entender-el-mundo-del-escritor-t-base-4\/\">modelo de producci\u00f3n escrita<\/a>\u00a0de John Hayes y Linda Flower y con el<a title=\"planifi\" href=\"https:\/\/blogs.fcpolit.unr.edu.ar\/programa\/2003\/04\/05\/importancia-de-la-etapa-de-planificacion-de-la-escritura-t-base-5\/\">\u00a0proceso de planificaci\u00f3n de la escritura<\/a>\u00a0con el prop\u00f3sito de llegar a escribir un texto.<\/p>\n<p><!--more-->El\u00a0<strong>an\u00e1lisis del problema ret\u00f3rico\u00a0<\/strong>para este trabajo es el siguiente:<br \/>\nTema: ingreso a la facultad.<br \/>\nProp\u00f3sito: escribir un texto sobre un tema conocido sobre el que podemos continuar pensando.<br \/>\nAudiencia: alumnos universitarios interesados en esta problem\u00e1tica y p\u00fablico general.<br \/>\nMedio: En Redacci\u00f3n. \u00a0 \u00a0 \u00a0 \u00a0 \u00a0 \u00a0 \u00a0 \u00a0 \u00a0 \u00a0 \u00a0 \u00a0 \u00a0 \u00a0 \u00a0 \u00a0 \u00a0 \u00a0 \u00a0 \u00a0 \u00a0 \u00a0 \u00a0 \u00a0 \u00a0 \u00a0 \u00a0 \u00a0 \u00a0 \u00a0 \u00a0 \u00a0 \u00a0 \u00a0 \u00a0 \u00a0 \u00a0 \u00a0 \u00a0 \u00a0 \u00a0 Tipo de texto: prosa en tercera persona.<\/p>\n<p><strong><span style=\"text-decoration: underline\">Planificaci\u00f3n<\/span><\/strong><br \/>\nProcedimos primero a listar las ideas tal como fueron surgiendo de la interacci\u00f3n en el conjunto de estudiantes. Reconocemos este paso como lluvia, lista o tormenta de ideas.<br \/>\nEn conjunto con el grupo presente trabajamos sobre el tema\u00a0<strong>Ingreso a la facultad<\/strong>.<br \/>\nLuego, tambi\u00e9n entre todos, procedimos a asociar esas ideas, seleccionando y agrupando temas de la lista y reformulando peque\u00f1os guiones de contenido que reconocemos como racimo asociativo y expresamos gr\u00e1ficamente como globos conectados con el tema central Ingreso a la facultad.<br \/>\nHasta aqu\u00ed el trabajo que hicimos colectivamente.<br \/>\nAhora, deben completar la planificaci\u00f3n en forma individual de la siguiente manera:<br \/>\nTengan a mano el apunte sobre\u00a0<a title=\"planific\" href=\"https:\/\/blogs.fcpolit.unr.edu.ar\/programa\/2003\/04\/05\/importancia-de-la-etapa-de-planificacion-de-la-escritura-t-base-5\/\">planificaci\u00f3n de la escritura<\/a>.<br \/>\nElijan uno de los temas que obtuvimos en el esquema radial y planifiquen nuevamente ese tema solo; es necesario que obtengan un mapa de ideas del tema elegido.<\/p>\n<p><span style=\"text-decoration: underline\"><strong>Borradores, revisi\u00f3n, texto<\/strong><\/span><br \/>\n<a title=\"borradores\" href=\"https:\/\/blogs.fcpolit.unr.edu.ar\/programa\/2003\/05\/04\/los-borradores-testigos-de-la-recursividad-del-proceso-de-escritura-t-base-6\/\">Escriban uno o varios borradores <\/a>hasta que obtengan un texto que puedan decidir como versi\u00f3n final. La extensi\u00f3n debe ser de una carilla o 4 p\u00e1rrafos de 5 l\u00edneas cada uno, como m\u00ednimo.<br \/>\nLuego de escribir, ensayen varios t\u00edtulos y seleccionen uno que les resulte el m\u00e1s apropiado.<br \/>\nPueden acompa\u00f1ar de una foto propia.<br \/>\n<span style=\"text-decoration: underline\"><strong>Entrega<\/strong><\/span><br \/>\nEntregar en archivo de word, por correo electr\u00f3nico a margarit2@arnet.com.ar hasta el dia s\u00e1bado 4 de mayo.<br \/>\n<span style=\"text-decoration: underline\"><strong>Publicaci\u00f3n<\/strong><\/span><br \/>\nLuego de la correcci\u00f3n y aprobaci\u00f3n del trabajo se podr\u00e1 publicar el texto en<a href=\"https:\/\/blogs.fcpolit.unr.edu.ar\/redaccion1-margarit\/2012\/04\/20\/planificacion-ingreso-a-la-facultad\/www.enredaccion.bligoo.com.ar\">\u00a0En Redacci\u00f3n<\/a>.<\/p>\n","protected":false},"excerpt":{"rendered":"<p>Experimentamos con el\u00a0modelo de producci\u00f3n escrita\u00a0de John Hayes y Linda Flower y con el\u00a0proceso de planificaci\u00f3n de la escritura\u00a0con el prop\u00f3sito de llegar a escribir un texto.<\/p>\n","protected":false},"author":1,"featured_media":0,"comment_status":"open","ping_status":"open","sticky":false,"template":"","format":"standard","meta":{"footnotes":""},"categories":[3],"tags":[],"_links":{"self":[{"href":"https:\/\/redaccion1.fcpolit.unr.edu.ar\/comision-margarit\/wp-json\/wp\/v2\/posts\/896"}],"collection":[{"href":"https:\/\/redaccion1.fcpolit.unr.edu.ar\/comision-margarit\/wp-json\/wp\/v2\/posts"}],"about":[{"href":"https:\/\/redaccion1.fcpolit.unr.edu.ar\/comision-margarit\/wp-json\/wp\/v2\/types\/post"}],"author":[{"embeddable":true,"href":"https:\/\/redaccion1.fcpolit.unr.edu.ar\/comision-margarit\/wp-json\/wp\/v2\/users\/1"}],"replies":[{"embeddable":true,"href":"https:\/\/redaccion1.fcpolit.unr.edu.ar\/comision-margarit\/wp-json\/wp\/v2\/comments?post=896"}],"version-history":[{"count":0,"href":"https:\/\/redaccion1.fcpolit.unr.edu.ar\/comision-margarit\/wp-json\/wp\/v2\/posts\/896\/revisions"}],"wp:attachment":[{"href":"https:\/\/redaccion1.fcpolit.unr.edu.ar\/comision-margarit\/wp-json\/wp\/v2\/media?parent=896"}],"wp:term":[{"taxonomy":"category","embeddable":true,"href":"https:\/\/redaccion1.fcpolit.unr.edu.ar\/comision-margarit\/wp-json\/wp\/v2\/categories?post=896"},{"taxonomy":"post_tag","embeddable":true,"href":"https:\/\/redaccion1.fcpolit.unr.edu.ar\/comision-margarit\/wp-json\/wp\/v2\/tags?post=896"}],"curies":[{"name":"wp","href":"https:\/\/api.w.org\/{rel}","templated":true}]}}