{"id":874,"date":"2013-04-22T12:09:35","date_gmt":"2013-04-22T12:09:35","guid":{"rendered":"http:\/\/fcpolit.unr.edu.ar\/blogs\/redaccion1-margarit\/?p=874"},"modified":"2013-04-22T12:09:35","modified_gmt":"2013-04-22T12:09:35","slug":"ante-la-hoja-en-blanco","status":"publish","type":"post","link":"https:\/\/redaccion1.fcpolit.unr.edu.ar\/comision-margarit\/2013\/04\/22\/ante-la-hoja-en-blanco\/","title":{"rendered":"Ante la hoja en blanco"},"content":{"rendered":"<p><a href=\"http:\/\/www.flickr.com\/photos\/oloramandarina\/4123202048\/in\/photostream\"><img loading=\"lazy\" decoding=\"async\" class=\"size-thumbnail wp-image-880  alignright\" title=\"Sin t\u00edtulo\" alt=\"\" src=\"https:\/\/blogs.fcpolit.unr.edu.ar\/redaccion1-margarit\/files\/2013\/04\/hoja-en-blanco-150x150.jpg\" width=\"150\" height=\"150\" \/><\/a><\/p>\n<p>El objetivo de este pr\u00e1ctico es que ustedes puedan expresar la perspectiva desde la que consideran el proceso de producci\u00f3n de textos, basada en la experiencia e interpelada por los argumentos que presentan algunos grandes escritores.<!--more-->Consigna:<\/p>\n<p>&nbsp;<\/p>\n<p>1. Le\u00e9:<br \/>\n<a title=\"inspiracion\" href=\"https:\/\/blogs.fcpolit.unr.edu.ar\/programa\/2003\/03\/31\/inspiracion-roberto-fontanarrosa\/\">Inspiraci\u00f3n<\/a>, de Roberto Fontanarrosa.<br \/>\n<a title=\"escritor\" href=\"https:\/\/blogs.fcpolit.unr.edu.ar\/programa\/2003\/03\/31\/se-necesita-un-escritor-gabriel-garcia-marquez\/\">Se necesita un escritor<\/a>, de Gabriel Garc\u00eda M\u00e1rquez.<br \/>\n<a href=\"http:\/\/www.ciudadseva.com\/textos\/teoria\/opin\/borges4.htm\">C\u00f3mo nace un texto<\/a>, de Jorge Luis Borges<br \/>\n<a title=\"prefacio\" href=\"https:\/\/blogs.fcpolit.unr.edu.ar\/programa\/2003\/04\/05\/prefacio-de-musica-para-camaleones-truman-capote\/\">Prefacio de M\u00fasica para Camaleones<\/a>, de Truman Capote<br \/>\n<a href=\"http:\/\/www.revistacontratiempo.com.ar\/arlt_lanzallamas.htm\">Introducci\u00f3n de Los Lanzallamas<\/a>, de Roberto Arlt<br \/>\n<a title=\"carnaval\" href=\"https:\/\/blogs.fcpolit.unr.edu.ar\/programa\/2008\/04\/09\/las-espadas-del-texto\/\">Carnaval de Brasil<\/a><a href=\"http:\/\/www.bdp.org.ar\/facultad\/catedras\/comsoc\/redaccion1\/margarit\/2008\/03\/las_espadas_del_texto.php\">,<\/a>\u00a0de Andr\u00e9s Calamaro<\/p>\n<p>&nbsp;<\/p>\n<p>2. Opin\u00e1 sobre la creaci\u00f3n de textos, poniendo en discusi\u00f3n tu perspectiva con las de los escritores que le\u00edste.<\/p>\n<p>&nbsp;<\/p>\n<p>3. Imagin\u00e1 una escena en el Dory, el bar en el que transcurre el cuento de Fontanarrosa, dos d\u00edas despu\u00e9s del \u00faltimo suceso. All\u00ed se encuentran Armando -el protagonista del cuento-, alguno de los escritores cuyos relatos le\u00edste previamente \u2013los que quieras- y vos. Todos conversan sobre el proceso de creaci\u00f3n de textos, movilizados por c\u00f3mo intent\u00f3 resolver su trabajo Armando.<\/p>\n<p>&nbsp;<\/p>\n<p>Cre\u00e1 esa conversaci\u00f3n, y escribila indicando qu\u00e9 personaje interviene en cada momento, como si fuera un gui\u00f3n de teatro. Si te anim\u00e1s, pod\u00e9s narrarla de modo similar a como est\u00e1 escrito el cuento de Fontanarrosa.<\/p>\n<p>Fecha de entrega: martes 30 de abril.<\/p>\n<p>&nbsp;<\/p>\n","protected":false},"excerpt":{"rendered":"<p>El objetivo de este pr\u00e1ctico es que ustedes puedan expresar la perspectiva desde la que consideran el proceso de producci\u00f3n de textos, basada en la experiencia e interpelada por los argumentos que presentan algunos grandes escritores.<\/p>\n","protected":false},"author":1,"featured_media":0,"comment_status":"open","ping_status":"open","sticky":false,"template":"","format":"standard","meta":{"footnotes":""},"categories":[3],"tags":[],"_links":{"self":[{"href":"https:\/\/redaccion1.fcpolit.unr.edu.ar\/comision-margarit\/wp-json\/wp\/v2\/posts\/874"}],"collection":[{"href":"https:\/\/redaccion1.fcpolit.unr.edu.ar\/comision-margarit\/wp-json\/wp\/v2\/posts"}],"about":[{"href":"https:\/\/redaccion1.fcpolit.unr.edu.ar\/comision-margarit\/wp-json\/wp\/v2\/types\/post"}],"author":[{"embeddable":true,"href":"https:\/\/redaccion1.fcpolit.unr.edu.ar\/comision-margarit\/wp-json\/wp\/v2\/users\/1"}],"replies":[{"embeddable":true,"href":"https:\/\/redaccion1.fcpolit.unr.edu.ar\/comision-margarit\/wp-json\/wp\/v2\/comments?post=874"}],"version-history":[{"count":0,"href":"https:\/\/redaccion1.fcpolit.unr.edu.ar\/comision-margarit\/wp-json\/wp\/v2\/posts\/874\/revisions"}],"wp:attachment":[{"href":"https:\/\/redaccion1.fcpolit.unr.edu.ar\/comision-margarit\/wp-json\/wp\/v2\/media?parent=874"}],"wp:term":[{"taxonomy":"category","embeddable":true,"href":"https:\/\/redaccion1.fcpolit.unr.edu.ar\/comision-margarit\/wp-json\/wp\/v2\/categories?post=874"},{"taxonomy":"post_tag","embeddable":true,"href":"https:\/\/redaccion1.fcpolit.unr.edu.ar\/comision-margarit\/wp-json\/wp\/v2\/tags?post=874"}],"curies":[{"name":"wp","href":"https:\/\/api.w.org\/{rel}","templated":true}]}}