{"id":761,"date":"2013-04-15T19:03:03","date_gmt":"2013-04-15T19:03:03","guid":{"rendered":"http:\/\/fcpolit.unr.edu.ar\/blogs\/redaccion1-margarit\/?p=761"},"modified":"2013-04-15T19:03:03","modified_gmt":"2013-04-15T19:03:03","slug":"bienvenidos-estudiantes-de-la-comision-4","status":"publish","type":"post","link":"https:\/\/redaccion1.fcpolit.unr.edu.ar\/comision-margarit\/2013\/04\/15\/bienvenidos-estudiantes-de-la-comision-4\/","title":{"rendered":"Bienvenidos estudiantes de la comisi\u00f3n 4"},"content":{"rendered":"<p><a href=\"https:\/\/blogs.fcpolit.unr.edu.ar\/redaccion1-margarit\/files\/2013\/04\/PUERTA1.jpg\"><img loading=\"lazy\" decoding=\"async\" class=\" wp-image-762 alignleft\" alt=\"PUERTA1\" src=\"https:\/\/blogs.fcpolit.unr.edu.ar\/redaccion1-margarit\/files\/2013\/04\/PUERTA1-150x150.jpg\" width=\"180\" height=\"180\" \/><\/a>Les damos la bienvenida a los estudiantes que se integrar\u00e1n en la comisi\u00f3n 4 para compartir un proceso de aprendizaje que se extender\u00e1 hasta fin de a\u00f1o.<\/p>\n<p>Nuestros encuentros ser\u00e1n presenciales los d\u00edas martes desde las 15,30 hasta las 18,30. Semana por medio nos tocar\u00e1 en el aula de las computadoras o ADM ubicada en el primer piso de la facultad, lado r\u00edo Paran\u00e1; semana por medio daremos la clase en el aula 205 ubicada en el mismo pasillo, enfrente de la anterior.<\/p>\n<p><!--more-->Adem\u00e1s de la clase presencial, nos moveremos con los siguientes ambientes y recursos:<\/p>\n<p><a title=\"pag principal\" href=\"https:\/\/blogs.fcpolit.unr.edu.ar\/redaccion1\/\">Redacci\u00f3n 1<\/a>, p\u00e1gina principal de la c\u00e1tedra<br \/>\n<a title=\"com 4\" href=\"https:\/\/blogs.fcpolit.unr.edu.ar\/redaccion1-margarit\/\">Comisi\u00f3n 4<\/a>, blog de la comisi\u00f3n<br \/>\n<a title=\"unidades\" href=\"https:\/\/blogs.fcpolit.unr.edu.ar\/programa\/\">Unidades<\/a>, donde est\u00e1 el material de estudio<br \/>\n<a href=\"http:\/\/enredaccion.bligoo.com.ar\/\">En RedAcci\u00f3n<\/a>, red social de Redacci\u00f3n 1<\/p>\n<p>Correo electr\u00f3nico de la profesora a cargo: Ana Mar\u00eda Margarit, <strong>margarit2@arnet.com.ar<\/strong><br \/>\nCorreo electr\u00f3nico del auxiliar alumno: Ramiro Palma Nigro, <strong>ramiropalmanigro@gmail.com<\/strong><\/p>\n<p>Correo electr\u00f3nico de la adscripta: Georgina Paladino, <strong>georgina.paladino@gmail.com<\/strong><\/p>\n<p>Nos vemos. Arrancamos el martes 16 de abril en el aula 205, encontrar\u00e1n la puerta abierta a la clase y a probables aventuras del conocimiento y de la escritura.<\/p>\n","protected":false},"excerpt":{"rendered":"<p>Les damos la bienvenida a los estudiantes que se integrar\u00e1n en la comisi\u00f3n 4 para compartir un proceso de aprendizaje que se extender\u00e1 hasta fin de a\u00f1o. Nuestros encuentros ser\u00e1n presenciales los d\u00edas martes desde las 15,30 hasta las 18,30. Semana por medio nos tocar\u00e1 en el aula de las computadoras o ADM ubicada en [&hellip;]<\/p>\n","protected":false},"author":1,"featured_media":0,"comment_status":"open","ping_status":"open","sticky":false,"template":"","format":"standard","meta":{"footnotes":""},"categories":[2],"tags":[],"_links":{"self":[{"href":"https:\/\/redaccion1.fcpolit.unr.edu.ar\/comision-margarit\/wp-json\/wp\/v2\/posts\/761"}],"collection":[{"href":"https:\/\/redaccion1.fcpolit.unr.edu.ar\/comision-margarit\/wp-json\/wp\/v2\/posts"}],"about":[{"href":"https:\/\/redaccion1.fcpolit.unr.edu.ar\/comision-margarit\/wp-json\/wp\/v2\/types\/post"}],"author":[{"embeddable":true,"href":"https:\/\/redaccion1.fcpolit.unr.edu.ar\/comision-margarit\/wp-json\/wp\/v2\/users\/1"}],"replies":[{"embeddable":true,"href":"https:\/\/redaccion1.fcpolit.unr.edu.ar\/comision-margarit\/wp-json\/wp\/v2\/comments?post=761"}],"version-history":[{"count":0,"href":"https:\/\/redaccion1.fcpolit.unr.edu.ar\/comision-margarit\/wp-json\/wp\/v2\/posts\/761\/revisions"}],"wp:attachment":[{"href":"https:\/\/redaccion1.fcpolit.unr.edu.ar\/comision-margarit\/wp-json\/wp\/v2\/media?parent=761"}],"wp:term":[{"taxonomy":"category","embeddable":true,"href":"https:\/\/redaccion1.fcpolit.unr.edu.ar\/comision-margarit\/wp-json\/wp\/v2\/categories?post=761"},{"taxonomy":"post_tag","embeddable":true,"href":"https:\/\/redaccion1.fcpolit.unr.edu.ar\/comision-margarit\/wp-json\/wp\/v2\/tags?post=761"}],"curies":[{"name":"wp","href":"https:\/\/api.w.org\/{rel}","templated":true}]}}