{"id":595,"date":"2012-10-06T02:05:22","date_gmt":"2012-10-06T02:05:22","guid":{"rendered":"http:\/\/fcpolit.unr.edu.ar\/blogs\/redaccion1-margarit\/?p=595"},"modified":"2012-10-06T02:05:22","modified_gmt":"2012-10-06T02:05:22","slug":"estudiar-para-el-martes-9-de-octubre","status":"publish","type":"post","link":"https:\/\/redaccion1.fcpolit.unr.edu.ar\/comision-margarit\/2012\/10\/06\/estudiar-para-el-martes-9-de-octubre\/","title":{"rendered":"Estudiar para el martes 9 de octubre"},"content":{"rendered":"<figure id=\"attachment_600\" aria-describedby=\"caption-attachment-600\" style=\"width: 300px\" class=\"wp-caption aligncenter\"><a href=\"http:\/\/narrativabreve.com\/cuentos-breves-recomendados\"><img loading=\"lazy\" decoding=\"async\" class=\"size-full wp-image-600\" src=\"https:\/\/blogs.fcpolit.unr.edu.ar\/redaccion1-margarit\/files\/2012\/10\/mujer-leyendo-Botero.jpg\" alt=\"Mujer leyendo. Fernando Botero\" width=\"300\" height=\"237\" \/><\/a><figcaption id=\"caption-attachment-600\" class=\"wp-caption-text\">Mujer leyendo (1998) Fernando Botero<\/figcaption><\/figure>\n<p>Comenzamos el estudio de los dos \u00faltimos temas de la cursada: narrativa y argumentaci\u00f3n. Para el martes, arrancamos con todos los br\u00edos primaverales con los temas de narrativa.<\/p>\n<p>Por consiguiente, ser\u00e1 importante el aporte de todos a nuestra querida secci\u00f3n Lecturas lindas, esta vez, sin m\u00e1s motivo que el hallazgo de un buen relato.<\/p>\n<p>Hay que estudiar estos textos y llevar el material de cuadros de superestructura y lo que haga falta ya que no estaremos en la sala de computadoras:<\/p>\n<p><!--more--><\/p>\n<p><a title=\"narracion\" href=\"https:\/\/blogs.fcpolit.unr.edu.ar\/programa\/2008\/04\/12\/la-narracion-como-una-de-las-dos-grandes-tendencias-en-la-elaboracion-de-textos\/\">La narraci\u00f3n,\u00a0modo\u00a0de elaboraci\u00f3n de textos<\/a><\/p>\n<p><a title=\"bruner\" href=\"https:\/\/blogs.fcpolit.unr.edu.ar\/programa\/2008\/04\/12\/dos-modalidades-de-pensamiento-jerome-bruner\/\">Dos modalidades del pensamiento- Bruner<\/a><\/p>\n<p><a title=\"evolucion\" href=\"https:\/\/blogs.fcpolit.unr.edu.ar\/programa\/2008\/04\/12\/breves-nociones-teoricas-sobre-la-evolucion-historica-del-relato\/\">Breves nociones sobre la historia del relato<\/a><\/p>\n<p><a title=\"aristoteles\" href=\"https:\/\/blogs.fcpolit.unr.edu.ar\/programa\/2008\/04\/12\/arte-poetica-aristoteles\/\">Arte po\u00e9tica- Arist\u00f3teles<\/a><\/p>\n<p><a title=\"propp\" href=\"https:\/\/blogs.fcpolit.unr.edu.ar\/programa\/2008\/04\/12\/morfologia-del-cuento-vadimir-propp\/\">Morfolog\u00eda del cuento- Propp<\/a><\/p>\n<p><a title=\"barthes\" href=\"https:\/\/blogs.fcpolit.unr.edu.ar\/programa\/2008\/04\/12\/analisis-estructural-de-los-relatos-roland-barthes\/\">An\u00e1lisis estructural del relato- Barthes<\/a><\/p>\n<p><a title=\"superestructuras narrativas\" href=\"https:\/\/blogs.fcpolit.unr.edu.ar\/programa\/2008\/04\/12\/superestructuras-narrativas\/\">Superestructuras narrativas<\/a><\/p>\n<p><a title=\"narr van dijk\" href=\"https:\/\/blogs.fcpolit.unr.edu.ar\/programa\/2008\/04\/12\/estructuras-narrativas-teun-van-dijk\/\">Estructuras narrativas- van Dijk<\/a><\/p>\n<p><a title=\"mireya\" href=\"https:\/\/blogs.fcpolit.unr.edu.ar\/programa\/2008\/04\/12\/narrativas-natural-y-artificial-mireya-vazquez\/\">Narrativa natural y artificial<\/a><\/p>\n<p><a title=\"ejemplos \" href=\"https:\/\/blogs.fcpolit.unr.edu.ar\/programa\/2008\/04\/12\/textos-analizados-ejemplos-de-narrativa-natural-y-artificial-mireya-vazquez\/\">Ejemplos narrativa natural y artificial- Mireya V\u00e1zquez<\/a><\/p>\n","protected":false},"excerpt":{"rendered":"<p>Comenzamos el estudio de los dos \u00faltimos temas de la cursada: narrativa y argumentaci\u00f3n. Para el martes, arrancamos con todos los br\u00edos primaverales con los temas de narrativa. Por consiguiente, ser\u00e1 importante el aporte de todos a nuestra querida secci\u00f3n Lecturas lindas, esta vez, sin m\u00e1s motivo que el hallazgo de un buen relato. Hay [&hellip;]<\/p>\n","protected":false},"author":1,"featured_media":0,"comment_status":"open","ping_status":"open","sticky":false,"template":"","format":"standard","meta":{"footnotes":""},"categories":[2],"tags":[],"_links":{"self":[{"href":"https:\/\/redaccion1.fcpolit.unr.edu.ar\/comision-margarit\/wp-json\/wp\/v2\/posts\/595"}],"collection":[{"href":"https:\/\/redaccion1.fcpolit.unr.edu.ar\/comision-margarit\/wp-json\/wp\/v2\/posts"}],"about":[{"href":"https:\/\/redaccion1.fcpolit.unr.edu.ar\/comision-margarit\/wp-json\/wp\/v2\/types\/post"}],"author":[{"embeddable":true,"href":"https:\/\/redaccion1.fcpolit.unr.edu.ar\/comision-margarit\/wp-json\/wp\/v2\/users\/1"}],"replies":[{"embeddable":true,"href":"https:\/\/redaccion1.fcpolit.unr.edu.ar\/comision-margarit\/wp-json\/wp\/v2\/comments?post=595"}],"version-history":[{"count":0,"href":"https:\/\/redaccion1.fcpolit.unr.edu.ar\/comision-margarit\/wp-json\/wp\/v2\/posts\/595\/revisions"}],"wp:attachment":[{"href":"https:\/\/redaccion1.fcpolit.unr.edu.ar\/comision-margarit\/wp-json\/wp\/v2\/media?parent=595"}],"wp:term":[{"taxonomy":"category","embeddable":true,"href":"https:\/\/redaccion1.fcpolit.unr.edu.ar\/comision-margarit\/wp-json\/wp\/v2\/categories?post=595"},{"taxonomy":"post_tag","embeddable":true,"href":"https:\/\/redaccion1.fcpolit.unr.edu.ar\/comision-margarit\/wp-json\/wp\/v2\/tags?post=595"}],"curies":[{"name":"wp","href":"https:\/\/api.w.org\/{rel}","templated":true}]}}