{"id":564,"date":"2012-09-20T21:34:04","date_gmt":"2012-09-20T21:34:04","guid":{"rendered":"http:\/\/fcpolit.unr.edu.ar\/blogs\/redaccion1-margarit\/?p=564"},"modified":"2012-09-20T21:34:04","modified_gmt":"2012-09-20T21:34:04","slug":"resumen-de-la-clase-del-18-de-setiembre","status":"publish","type":"post","link":"https:\/\/redaccion1.fcpolit.unr.edu.ar\/comision-margarit\/2012\/09\/20\/resumen-de-la-clase-del-18-de-setiembre\/","title":{"rendered":"Resumen de la clase del 18 de setiembre"},"content":{"rendered":"<figure id=\"attachment_569\" aria-describedby=\"caption-attachment-569\" style=\"width: 259px\" class=\"wp-caption alignright\"><a href=\"https:\/\/blogs.fcpolit.unr.edu.ar\/redaccion1-margarit\/files\/2012\/09\/lapachorosario.jpg\"><img loading=\"lazy\" decoding=\"async\" class=\"size-full wp-image-569\" src=\"https:\/\/blogs.fcpolit.unr.edu.ar\/redaccion1-margarit\/files\/2012\/09\/lapachorosario.jpg\" alt=\"lapacho\" width=\"259\" height=\"194\" \/><\/a><figcaption id=\"caption-attachment-569\" class=\"wp-caption-text\">Lapacho<\/figcaption><\/figure>\n<p>Arreci\u00f3 la sudestada a la hora de ir a clase y cost\u00f3 llegar. Lluvia impiadosa, r\u00e1fagas siberianas,\u00a0fr\u00edo y humedad. Ramiro qued\u00f3 varado bajo un techito de la Terminal esperando un bondi que nunca lleg\u00f3; algunos compa\u00f1eros de la comisi\u00f3n avisaron temprano que se quedaban estudiando para un parcial; yo, a bordo de mi m\u00e1quina, navegu\u00e9 el laguito alborotado que se junt\u00f3 en Berruti y Cerrito y llegu\u00e9 sobre la hora. Eramos unos cuantos: Giuliana, Juli\u00e1n, Agostina, Clara, Sof\u00eda, Deri\u00e1n, Lautaro, la se\u00f1orita Vanessa y yo.<\/p>\n<p><!--more--><\/p>\n<p>Nos abocamos directamente a caracterizar <a title=\"enunciacion\" href=\"https:\/\/blogs.fcpolit.unr.edu.ar\/programa\/2008\/03\/29\/enunciados-referidos\/\">el fen\u00f3meno de la enunciaci\u00f3n <\/a>y a enmarcar en esa teor\u00eda\u00a0el problema de la referencia de las voces en el texto.<\/p>\n<p>El <a title=\"observac\" href=\"https:\/\/blogs.fcpolit.unr.edu.ar\/redaccion1-margarit\/2012\/09\/13\/material-de-observacion-estilos-d-e-i\/\">material de observaci\u00f3n<\/a>, primero lo le\u00edmos completo y luego\u00a0hicimos entre todos un reconocimiento del tratamiento de las citas textuales, o sea, <a title=\"estilos\" href=\"https:\/\/blogs.fcpolit.unr.edu.ar\/programa\/2008\/03\/29\/estilos-directo-e-indirecto\/\">estilo directo <\/a>y de los pasajes del texto en estilo indirecto.<\/p>\n<p>Exprimimos el an\u00e1lisis\u00a0y hasta le criticamos algunos aspectos formales como este: el texto lleva como t\u00edtulo una cita textual; dicha cita despu\u00e9s no aparece como tal en el\u00a0texto sino que\u00a0el contenido est\u00e1 expresado en estilo indirecto. Esto nos sirvi\u00f3, por un lado,\u00a0como evidencia de que la cita textual y el estilo indirecto tienen el mismo valor de\u00a0verosimilitud, ambos son recursos v\u00e1lidos para referir las voces y ambos dependen por\u00a0igual de un desempe\u00f1o honesto y responsable por parte del autor del texto. Por otro lado, la cr\u00edtica nos llev\u00f3 a estimar que si\u00a0elegimos titular con una cita textual, esa cita necesariamente debe aparecer tal cual en el texto.<\/p>\n<p>Luego, empezamos el trabajo pr\u00e1ctico Transformar la entrevista. El video no andaba en las compus, as\u00ed que la se\u00f1orita Vanessa nos facilit\u00f3 un poderoso parlante que conectamos a la\u00a0netbook y as\u00ed seguimos adelante. Vimos entre todos que\u00a0la entrevista a Galeano,\u00a0tiene varios bloques tem\u00e1ticos y ese desarrollo\u00a0les permitir\u00e1 a ustedes elegir uno para resolver el trabajo.<\/p>\n<p>Entonces, <a title=\"transformar la E\" href=\"https:\/\/blogs.fcpolit.unr.edu.ar\/redaccion1-margarit\/2012\/09\/13\/transformar-la-entrevista\/\">Transformar la entrevista <\/a>es para entregar esta semana, mientras que el trabajo de <a title=\"entrevista breve\" href=\"https:\/\/blogs.fcpolit.unr.edu.ar\/redaccion1-margarit\/2012\/09\/18\/entrevista-breve-en-la-facultad\/\">Entrevista en el \u00e1mbito de la facultad <\/a>es para despu\u00e9s del parcial.<\/p>\n<p>En medio de todo esto, unos vientones bravos sacudieron el edificio, el r\u00edo estaba con el lomo revuelto y enojado y un lapacho\u00a0joven que me asaltaba con su nube de flores rosadas cada vez que se me iba el ojo por la ventana, estaba ah\u00ed, indestructible, hermoso, en otro\u00a0clima, en otro\u00a0tiempo.\u00a0Ya era la primavera rosarina.<\/p>\n","protected":false},"excerpt":{"rendered":"<p>Arreci\u00f3 la sudestada a la hora de ir a clase y cost\u00f3 llegar. Lluvia impiadosa, r\u00e1fagas siberianas,\u00a0fr\u00edo y humedad. Ramiro qued\u00f3 varado bajo un techito de la Terminal esperando un bondi que nunca lleg\u00f3; algunos compa\u00f1eros de la comisi\u00f3n avisaron temprano que se quedaban estudiando para un parcial; yo, a bordo de mi m\u00e1quina, navegu\u00e9 [&hellip;]<\/p>\n","protected":false},"author":1,"featured_media":0,"comment_status":"open","ping_status":"open","sticky":false,"template":"","format":"standard","meta":{"footnotes":""},"categories":[2],"tags":[],"_links":{"self":[{"href":"https:\/\/redaccion1.fcpolit.unr.edu.ar\/comision-margarit\/wp-json\/wp\/v2\/posts\/564"}],"collection":[{"href":"https:\/\/redaccion1.fcpolit.unr.edu.ar\/comision-margarit\/wp-json\/wp\/v2\/posts"}],"about":[{"href":"https:\/\/redaccion1.fcpolit.unr.edu.ar\/comision-margarit\/wp-json\/wp\/v2\/types\/post"}],"author":[{"embeddable":true,"href":"https:\/\/redaccion1.fcpolit.unr.edu.ar\/comision-margarit\/wp-json\/wp\/v2\/users\/1"}],"replies":[{"embeddable":true,"href":"https:\/\/redaccion1.fcpolit.unr.edu.ar\/comision-margarit\/wp-json\/wp\/v2\/comments?post=564"}],"version-history":[{"count":0,"href":"https:\/\/redaccion1.fcpolit.unr.edu.ar\/comision-margarit\/wp-json\/wp\/v2\/posts\/564\/revisions"}],"wp:attachment":[{"href":"https:\/\/redaccion1.fcpolit.unr.edu.ar\/comision-margarit\/wp-json\/wp\/v2\/media?parent=564"}],"wp:term":[{"taxonomy":"category","embeddable":true,"href":"https:\/\/redaccion1.fcpolit.unr.edu.ar\/comision-margarit\/wp-json\/wp\/v2\/categories?post=564"},{"taxonomy":"post_tag","embeddable":true,"href":"https:\/\/redaccion1.fcpolit.unr.edu.ar\/comision-margarit\/wp-json\/wp\/v2\/tags?post=564"}],"curies":[{"name":"wp","href":"https:\/\/api.w.org\/{rel}","templated":true}]}}