{"id":537,"date":"2012-09-13T20:10:19","date_gmt":"2012-09-13T20:10:19","guid":{"rendered":"http:\/\/fcpolit.unr.edu.ar\/blogs\/redaccion1-margarit\/?p=537"},"modified":"2012-09-13T20:10:19","modified_gmt":"2012-09-13T20:10:19","slug":"estudiar-para-el-martes-18-de-septiembre","status":"publish","type":"post","link":"https:\/\/redaccion1.fcpolit.unr.edu.ar\/comision-margarit\/2012\/09\/13\/estudiar-para-el-martes-18-de-septiembre\/","title":{"rendered":"Estudiar para el martes 18 de septiembre"},"content":{"rendered":"<p>Ya hice una introducci\u00f3n en la clase pasada poni\u00e9ndolos en tema de la redacci\u00f3n de textos que contienen citas textuales y sobre el fen\u00f3meno de la enunciaci\u00f3n que por suerte, coincide ahora mismo con lo est\u00e1n estudiando en Lenguajes 1. De este modo, podemos relacionar estos conocimientos que provienen de las dos materias y reflexionar y poner en pr\u00e1ctica las voces que aparecen en un texto.<\/p>\n<p>Muy someramente expliqu\u00e9 algo de la entrevista period\u00edstica en sus versiones entrevista como fuente informativa, entrevista como g\u00e9nero en s\u00ed mismo. La etrevista es tambi\u00e9n un recurso poderoso para la investigaci\u00f3n en el campo de las ciencias sociales y en nuestra carrera, muy especialmente.<\/p>\n<p>Van los textos de estudio:<\/p>\n<p><a title=\"enunciacion\" href=\"https:\/\/blogs.fcpolit.unr.edu.ar\/programa\/2008\/03\/29\/estilos-directo-e-indirecto\/\"><!--more--><\/a><\/p>\n<p><a title=\"enunciacion\" href=\"https:\/\/blogs.fcpolit.unr.edu.ar\/programa\/2008\/03\/29\/estilos-directo-e-indirecto\/\">Estilos directo e indirecto<\/a><\/p>\n<p><a title=\"estilos directo e indirecto\" href=\"https:\/\/blogs.fcpolit.unr.edu.ar\/programa\/2008\/03\/29\/enunciados-referidos\/\">Enunciados referidos<\/a><\/p>\n<p><a title=\"entrevista\" href=\"https:\/\/blogs.fcpolit.unr.edu.ar\/programa\/2008\/03\/29\/la-entrevista-como-herramienta-de-recoleccion-de-datos\/\">La entrevista<\/a><\/p>\n<p><a title=\"halperin\" href=\"https:\/\/blogs.fcpolit.unr.edu.ar\/programa\/2008\/03\/29\/la-entrevista-periodistica-jorge-halperin\/\">La entrevista period\u00edstica<\/a><\/p>\n<p><a title=\"arfuch\" href=\"https:\/\/blogs.fcpolit.unr.edu.ar\/programa\/2008\/03\/29\/la-entrevista-una-invencion-dialogica-leonor-arfuch\/\">La entrevista, una invenci\u00f3n dial\u00f3gica<\/a><\/p>\n<p><a title=\"inv cualitativa\" href=\"https:\/\/blogs.fcpolit.unr.edu.ar\/programa\/2008\/03\/29\/la-entrevista-en-la-investigacion-cualitativa-ana-maria-margarit\/\">La entrevista en la investigaci\u00f3n cualitativa<\/a><\/p>\n<p>Recomendado:<a title=\"ggmarquez\" href=\"https:\/\/blogs.fcpolit.unr.edu.ar\/programa\/2012\/07\/05\/una-entrevista-no-gracias-gabriel-garcia-marquez-2\/\"> Una entrevista, no gracias<\/a><\/p>\n<p>&nbsp;<\/p>\n","protected":false},"excerpt":{"rendered":"<p>Ya hice una introducci\u00f3n en la clase pasada poni\u00e9ndolos en tema de la redacci\u00f3n de textos que contienen citas textuales y sobre el fen\u00f3meno de la enunciaci\u00f3n que por suerte, coincide ahora mismo con lo est\u00e1n estudiando en Lenguajes 1. De este modo, podemos relacionar estos conocimientos que provienen de las dos materias y reflexionar [&hellip;]<\/p>\n","protected":false},"author":1,"featured_media":0,"comment_status":"open","ping_status":"open","sticky":false,"template":"","format":"standard","meta":{"footnotes":""},"categories":[2],"tags":[],"_links":{"self":[{"href":"https:\/\/redaccion1.fcpolit.unr.edu.ar\/comision-margarit\/wp-json\/wp\/v2\/posts\/537"}],"collection":[{"href":"https:\/\/redaccion1.fcpolit.unr.edu.ar\/comision-margarit\/wp-json\/wp\/v2\/posts"}],"about":[{"href":"https:\/\/redaccion1.fcpolit.unr.edu.ar\/comision-margarit\/wp-json\/wp\/v2\/types\/post"}],"author":[{"embeddable":true,"href":"https:\/\/redaccion1.fcpolit.unr.edu.ar\/comision-margarit\/wp-json\/wp\/v2\/users\/1"}],"replies":[{"embeddable":true,"href":"https:\/\/redaccion1.fcpolit.unr.edu.ar\/comision-margarit\/wp-json\/wp\/v2\/comments?post=537"}],"version-history":[{"count":0,"href":"https:\/\/redaccion1.fcpolit.unr.edu.ar\/comision-margarit\/wp-json\/wp\/v2\/posts\/537\/revisions"}],"wp:attachment":[{"href":"https:\/\/redaccion1.fcpolit.unr.edu.ar\/comision-margarit\/wp-json\/wp\/v2\/media?parent=537"}],"wp:term":[{"taxonomy":"category","embeddable":true,"href":"https:\/\/redaccion1.fcpolit.unr.edu.ar\/comision-margarit\/wp-json\/wp\/v2\/categories?post=537"},{"taxonomy":"post_tag","embeddable":true,"href":"https:\/\/redaccion1.fcpolit.unr.edu.ar\/comision-margarit\/wp-json\/wp\/v2\/tags?post=537"}],"curies":[{"name":"wp","href":"https:\/\/api.w.org\/{rel}","templated":true}]}}