{"id":509,"date":"2012-08-31T20:13:28","date_gmt":"2012-08-31T20:13:28","guid":{"rendered":"http:\/\/fcpolit.unr.edu.ar\/blogs\/redaccion1-margarit\/?p=509"},"modified":"2012-08-31T20:13:28","modified_gmt":"2012-08-31T20:13:28","slug":"coherencia-concepto-y-analisis","status":"publish","type":"post","link":"https:\/\/redaccion1.fcpolit.unr.edu.ar\/comision-margarit\/2012\/08\/31\/coherencia-concepto-y-analisis\/","title":{"rendered":"Coherencia, concepto y an\u00e1lisis"},"content":{"rendered":"<p>El trabajo pr\u00e1ctico tiene por objetivo reunir los conceptos principales sobre el tema coherencia y aplicarlos desde la interpretaci\u00f3n.<\/p>\n<p>Se puede compartir el trabajo entre dos estudiantes.<\/p>\n<p><!--more--><\/p>\n<p>1) Responder la gu\u00eda:<\/p>\n<p>\u00bfC\u00f3mo considera van Dijk a la coherencia? Definir el concepto de coherencia.<\/p>\n<p>Explicar en qu\u00e9 niveles opera la coherencia.<\/p>\n<p>\u00a0Especificar cu\u00e1les son los factores \u00a0que posibilitan reconocer la coherencia.<\/p>\n<p>\u00a0\u00bfQu\u00e9 importancia tienen los actos de habla en la coherencia de un texto? \u00bfDe qu\u00e9 manera se relacionan los t\u00e9rminos \u201cactos de habla\u201d y \u201ccontexto\u201d?<\/p>\n<p>\u00a0Explicar qu\u00e9 son las macroestructuras.<\/p>\n<p>\u00a0\u00bfQu\u00e9 son las macrorreglas? \u00bfCu\u00e1les son las macrorreglas de comprensi\u00f3n? \u00bfC\u00f3mo funcionan?<\/p>\n<p>\u00bfQu\u00e9 vinculaci\u00f3n existe entre la macrorregla de construcci\u00f3n y los conceptos de \u201cmarco\u201d y \u201cconocimiento de mundo\u201d.<\/p>\n<p>Explicar qu\u00e9 son las superestructuras.<\/p>\n<p>\u00bfQu\u00e9 relaci\u00f3n se produce entre superestructura y macroestructura en los textos?<\/p>\n<p>&nbsp;<\/p>\n<p>2) Leer los textos:<\/p>\n<p><a title=\"erase un pais\" href=\"https:\/\/blogs.fcpolit.unr.edu.ar\/redaccion1-margarit\/2006\/05\/31\/erase-un-pais-donde-todos-eran-ladrones\/\">Erase un pa\u00eds donde todos eran ladrones<\/a>, Italo Calvino<\/p>\n<p><a title=\"nombre galeano\" href=\"https:\/\/blogs.fcpolit.unr.edu.ar\/redaccion1-margarit\/2012\/08\/31\/nombres3\/\">Nombres \/3<\/a>, Eduardo Galeano<\/p>\n<p>\u00a0Interpretar cada uno de los \u00a0textos haciendo intervenir los conceptos de Coherencia, Macroestructura, Macrorreglas de proyecci\u00f3n sem\u00e1ntica, Superestructuras, Factores de coherencia.<\/p>\n<p>&nbsp;<\/p>\n<p>&nbsp;<\/p>\n","protected":false},"excerpt":{"rendered":"<p>El trabajo pr\u00e1ctico tiene por objetivo reunir los conceptos principales sobre el tema coherencia y aplicarlos desde la interpretaci\u00f3n. Se puede compartir el trabajo entre dos estudiantes.<\/p>\n","protected":false},"author":1,"featured_media":0,"comment_status":"open","ping_status":"open","sticky":false,"template":"","format":"standard","meta":{"footnotes":""},"categories":[3],"tags":[],"_links":{"self":[{"href":"https:\/\/redaccion1.fcpolit.unr.edu.ar\/comision-margarit\/wp-json\/wp\/v2\/posts\/509"}],"collection":[{"href":"https:\/\/redaccion1.fcpolit.unr.edu.ar\/comision-margarit\/wp-json\/wp\/v2\/posts"}],"about":[{"href":"https:\/\/redaccion1.fcpolit.unr.edu.ar\/comision-margarit\/wp-json\/wp\/v2\/types\/post"}],"author":[{"embeddable":true,"href":"https:\/\/redaccion1.fcpolit.unr.edu.ar\/comision-margarit\/wp-json\/wp\/v2\/users\/1"}],"replies":[{"embeddable":true,"href":"https:\/\/redaccion1.fcpolit.unr.edu.ar\/comision-margarit\/wp-json\/wp\/v2\/comments?post=509"}],"version-history":[{"count":0,"href":"https:\/\/redaccion1.fcpolit.unr.edu.ar\/comision-margarit\/wp-json\/wp\/v2\/posts\/509\/revisions"}],"wp:attachment":[{"href":"https:\/\/redaccion1.fcpolit.unr.edu.ar\/comision-margarit\/wp-json\/wp\/v2\/media?parent=509"}],"wp:term":[{"taxonomy":"category","embeddable":true,"href":"https:\/\/redaccion1.fcpolit.unr.edu.ar\/comision-margarit\/wp-json\/wp\/v2\/categories?post=509"},{"taxonomy":"post_tag","embeddable":true,"href":"https:\/\/redaccion1.fcpolit.unr.edu.ar\/comision-margarit\/wp-json\/wp\/v2\/tags?post=509"}],"curies":[{"name":"wp","href":"https:\/\/api.w.org\/{rel}","templated":true}]}}