{"id":418,"date":"2012-05-15T18:30:15","date_gmt":"2012-05-15T18:30:15","guid":{"rendered":"http:\/\/fcpolit.unr.edu.ar\/blogs\/redaccion1-margarit\/2012\/05\/15\/en-medio-de-los-diarios\/"},"modified":"2012-05-15T18:30:15","modified_gmt":"2012-05-15T18:30:15","slug":"en-medio-de-los-diarios","status":"publish","type":"post","link":"https:\/\/redaccion1.fcpolit.unr.edu.ar\/comision-margarit\/2012\/05\/15\/en-medio-de-los-diarios\/","title":{"rendered":"En medio de los diarios"},"content":{"rendered":"<p>Taller de lectura n\u00ba 2<br \/>\n<img loading=\"lazy\" decoding=\"async\" alt=\"diarios%20varios.JPG\" src=\"http:\/\/www.bdp.org.ar\/facultad\/catedras\/comsoc\/redaccion1\/margarit\/diarios%20varios.JPG\" width=\"320\" height=\"240\" \/><br \/>\nTeniendo en cuenta que los diferentes medios de comunicaci\u00f3n construyen de un hecho una noticia, eligiendo qu\u00e9 contar, c\u00f3mo y desde d\u00f3nde hacerlo, y \u2013en particular- que tambi\u00e9n los lectores de diarios \u2013usuario de esos medios- desarrollan ciertas estrategias que ordenan sus diversas expectativas, intereses, motivaciones, prop\u00f3sitos, respecto de la forma en que se organiza la informaci\u00f3n -en una noticia-, les proponemos realizar la siguiente actividad reflexiva:<\/p>\n<p><!--more--><br \/>\n1.Lean las cuatro noticias presentadas a continuaci\u00f3n y elijan una para poder trabajarla:<br \/>\nDiario P\u00e1gina\/12: <a href=\"http:\/\/www.pagina12.com.ar\/diario\/elpais\/1-193987-2012-05-14.html\">El 2015 empez\u00f3 a dividir aguas <\/a><br \/>\nDiario Clar\u00edn: <a href=\"http:\/\/www.clarin.com\/politica\/tension-Scioli-kirchnerismo-traslada-PJ_0_700130002.html\">An\u00edbal Fern\u00e1ndez consider\u00f3 &#8220;obsceno&#8221; que Scioli haya anticipado presidencial<\/a><br \/>\nDiario La Naci\u00f3n: <a href=\"http:\/\/www.lanacion.com.ar\/1473066-cristina-y-scioli-se-veran-manana\">Cristina y Scioli se ver\u00e1n ma\u00f1ana <\/a><br \/>\nDiario El Ciudadano: <a href=\"http:\/\/www.elciudadanoweb.com\/?p=299138\">Se agudiza la pelea entre Scioli y Mariotto<\/a><br \/>\n2. Fundamenten su elecci\u00f3n de la noticia y el medio en base a aspectos como motivaciones, gustos, valores y creencias que poseen como lectores.<br \/>\n3. Expliquen qu\u00e9 <a href=\"http:\/\/www.bdp.org.ar\/facultad\/catedras\/comsoc\/redaccion1\/unidades\/2008\/03\/las_tareas_de_los_lectores.php\">tareas de lectura<\/a> debieron poner en pr\u00e1ctica para la comprensi\u00f3n de la noticia que escogieron. A continuaci\u00f3n, argumenten por qu\u00e9 y de qu\u00e9 manera creen que el periodista organiz\u00f3 la informaci\u00f3n.<br \/>\n4. Reflexionen sobre los conocimientos previos que debieron ejercitar, en primer lugar, respecto del hecho noticioso elegido y, en segundo lugar, en relaci\u00f3n a su estructura textual.<br \/>\n5. Definan qu\u00e9 tareas realizaron para controlar, corregir y reorientar el proceso de interpretaci\u00f3n.<br \/>\n6. Luego de ver y escuchar el extracto del programa En el medio, puntualicen las opiniones con las cuales est\u00e9n o no de acuerdo. Luego, argumenten sus elecciones y, finalmente, expresen sus propias ideas en cuanto a qu\u00e9 funci\u00f3n \u2013o funciones- debe cumplir un diario.<br \/>\n<a href=\"http:\/\/www.youtube.com\/watch?v=nbXLhBU0Y78\">En el medio: El diario<\/a><\/p>\n","protected":false},"excerpt":{"rendered":"<p>Taller de lectura n\u00ba 2 Teniendo en cuenta que los diferentes medios de comunicaci\u00f3n construyen de un hecho una noticia, eligiendo qu\u00e9 contar, c\u00f3mo y desde d\u00f3nde hacerlo, y \u2013en particular- que tambi\u00e9n los lectores de diarios \u2013usuario de esos medios- desarrollan ciertas estrategias que ordenan sus diversas expectativas, intereses, motivaciones, prop\u00f3sitos, respecto de la [&hellip;]<\/p>\n","protected":false},"author":35,"featured_media":0,"comment_status":"open","ping_status":"closed","sticky":false,"template":"","format":"standard","meta":{"footnotes":""},"categories":[6],"tags":[],"_links":{"self":[{"href":"https:\/\/redaccion1.fcpolit.unr.edu.ar\/comision-margarit\/wp-json\/wp\/v2\/posts\/418"}],"collection":[{"href":"https:\/\/redaccion1.fcpolit.unr.edu.ar\/comision-margarit\/wp-json\/wp\/v2\/posts"}],"about":[{"href":"https:\/\/redaccion1.fcpolit.unr.edu.ar\/comision-margarit\/wp-json\/wp\/v2\/types\/post"}],"author":[{"embeddable":true,"href":"https:\/\/redaccion1.fcpolit.unr.edu.ar\/comision-margarit\/wp-json\/wp\/v2\/users\/35"}],"replies":[{"embeddable":true,"href":"https:\/\/redaccion1.fcpolit.unr.edu.ar\/comision-margarit\/wp-json\/wp\/v2\/comments?post=418"}],"version-history":[{"count":0,"href":"https:\/\/redaccion1.fcpolit.unr.edu.ar\/comision-margarit\/wp-json\/wp\/v2\/posts\/418\/revisions"}],"wp:attachment":[{"href":"https:\/\/redaccion1.fcpolit.unr.edu.ar\/comision-margarit\/wp-json\/wp\/v2\/media?parent=418"}],"wp:term":[{"taxonomy":"category","embeddable":true,"href":"https:\/\/redaccion1.fcpolit.unr.edu.ar\/comision-margarit\/wp-json\/wp\/v2\/categories?post=418"},{"taxonomy":"post_tag","embeddable":true,"href":"https:\/\/redaccion1.fcpolit.unr.edu.ar\/comision-margarit\/wp-json\/wp\/v2\/tags?post=418"}],"curies":[{"name":"wp","href":"https:\/\/api.w.org\/{rel}","templated":true}]}}