{"id":394,"date":"2011-10-31T20:43:22","date_gmt":"2011-10-31T20:43:22","guid":{"rendered":"http:\/\/fcpolit.unr.edu.ar\/blogs\/redaccion1-margarit\/2011\/10\/31\/cronicas-manzanas\/"},"modified":"2011-10-31T20:43:22","modified_gmt":"2011-10-31T20:43:22","slug":"cronicas-manzanas","status":"publish","type":"post","link":"https:\/\/redaccion1.fcpolit.unr.edu.ar\/comision-margarit\/2011\/10\/31\/cronicas-manzanas\/","title":{"rendered":"Cr\u00f3nicas manzanas"},"content":{"rendered":"<p>por <strong>Laura Oriato<\/strong><\/p>\n<p>&#8220;Se pueden hacer extraordinarias cr\u00f3nicas de cualquier tema. De la manzana de tu casa, por ejemplo. Por supuesto que es mucho m\u00e1s f\u00e1cil hacer una cr\u00f3nica sobre Birmania, porque como all\u00ed todo es ex\u00f3tico, uno de inmediato se da cuenta de lo que podr\u00eda contar. En cambio, esa famosa cr\u00f3nica de la manzana de tu casa requiere mucha m\u00e1s agudeza, mucha m\u00e1s astucia para entender qu\u00e9 vale la pena ser contado en aquello que uno est\u00e1 acostumbrado a ver siempre&#8221;.<a href=\"http:\/\/www.vive.in\/especiales\/feriadellibro2008\/articulos_flibro\/home\/ARTICULO-WEB-NOTA_INT_ESPECIAL_VIVEIN-4135264.html\"> Mart\u00edn Caparr\u00f3s<\/a><\/p>\n<p><!--more--><br \/>\nDa una vuelta a la manzana de tu casa. Puede llegar a parecerte que la ciudad est\u00e1 quieta, que en sus calles y veredas \u201cno pasa nada\u201d, sin embargo, despu\u00e9s de haber le\u00eddo <a href=\"https:\/\/blogs.fcpolit.unr.edu.ar\/redaccion1-margarit\/el-placer-de-vagabundear\/\">el texto disparador de Arlt<\/a>, ya sabemos que todo el tiempo ocurren cosas, solo hay que darse cuenta que est\u00e1n sucediendo y buscar la mejor manera de contarlas.<br \/>\nLa ciudad, sus edificios, calles, actores \u2013aun cuando no nos los crucemos- tienen algo para decirnos \u00bfQu\u00e9 actos de habla lleva a cabo la manzana que habitamos? \u00bfQu\u00e9 nos dice? \u00bfAcompa\u00f1a? \u00bfInvade? \u00bfDesespera? \u00bfIrrita? \u00bfAlegra? \u00bfExpulsa? \u00bfReclama? \u00bfQu\u00e9 nos transmiten las veredas cuando gastamos nuestras suelas en ellas? \u00bfQu\u00e9 se lee en los afiches que en sus paredes se despliegan? \u00bfQu\u00e9 anuncian las obras en construcci\u00f3n? \u00bfQu\u00e9 transmiten los sonidos y\/o silencios? \u00bfQu\u00e9 rol juegan los comercios, casas y otros lugares como clubes, escuelas y bares? Pens\u00e1 en los mensajes que est\u00e1n ocultos detr\u00e1s de los espacios, personas, animales que se cruzan al dar la vuelta a la manzana. Estos ser\u00e1n los signos que te ayuden a ilustrar la identidad de tu barrio.<br \/>\nRedact\u00e1 una narraci\u00f3n sobre ese recorrido que incluya:<br \/>\n-un primer p\u00e1rrafo que funcione como una puerta para entrar a leer (que convoque, que interpele al lector);<br \/>\n-la construcci\u00f3n de una escena;<br \/>\n-un di\u00e1logo y descripciones que retraten al lugar y a los personajes encontrados en el camino.<br \/>\nRecuerden poner en funcionamiento <a href=\"https:\/\/blogs.fcpolit.unr.edu.ar\/redaccion1-margarit\/cinco-sentidos-del-periodista\/\">los cinco sentidos mencionados por R. Kapuscinski<\/a>.<br \/>\nExtensi\u00f3n m\u00e1xima: dos p\u00e1ginas.<\/p>\n<p>Textos relacionados: <a href=\"https:\/\/blogs.fcpolit.unr.edu.ar\/redaccion1-margarit\/la-ciudad-y-sus-signos-fragmento\/\">La ciudad y sus signos<\/a> y\u00a0<a href=\"https:\/\/blogs.fcpolit.unr.edu.ar\/redaccion1-margarit\/el-lenguaje-de-la-ciudad\/\">El lenguaje de la ciudad<\/a><\/p>\n","protected":false},"excerpt":{"rendered":"<p>por Laura Oriato &#8220;Se pueden hacer extraordinarias cr\u00f3nicas de cualquier tema. De la manzana de tu casa, por ejemplo. Por supuesto que es mucho m\u00e1s f\u00e1cil hacer una cr\u00f3nica sobre Birmania, porque como all\u00ed todo es ex\u00f3tico, uno de inmediato se da cuenta de lo que podr\u00eda contar. En cambio, esa famosa cr\u00f3nica de la [&hellip;]<\/p>\n","protected":false},"author":1,"featured_media":0,"comment_status":"open","ping_status":"closed","sticky":false,"template":"","format":"standard","meta":{"footnotes":""},"categories":[7],"tags":[],"_links":{"self":[{"href":"https:\/\/redaccion1.fcpolit.unr.edu.ar\/comision-margarit\/wp-json\/wp\/v2\/posts\/394"}],"collection":[{"href":"https:\/\/redaccion1.fcpolit.unr.edu.ar\/comision-margarit\/wp-json\/wp\/v2\/posts"}],"about":[{"href":"https:\/\/redaccion1.fcpolit.unr.edu.ar\/comision-margarit\/wp-json\/wp\/v2\/types\/post"}],"author":[{"embeddable":true,"href":"https:\/\/redaccion1.fcpolit.unr.edu.ar\/comision-margarit\/wp-json\/wp\/v2\/users\/1"}],"replies":[{"embeddable":true,"href":"https:\/\/redaccion1.fcpolit.unr.edu.ar\/comision-margarit\/wp-json\/wp\/v2\/comments?post=394"}],"version-history":[{"count":0,"href":"https:\/\/redaccion1.fcpolit.unr.edu.ar\/comision-margarit\/wp-json\/wp\/v2\/posts\/394\/revisions"}],"wp:attachment":[{"href":"https:\/\/redaccion1.fcpolit.unr.edu.ar\/comision-margarit\/wp-json\/wp\/v2\/media?parent=394"}],"wp:term":[{"taxonomy":"category","embeddable":true,"href":"https:\/\/redaccion1.fcpolit.unr.edu.ar\/comision-margarit\/wp-json\/wp\/v2\/categories?post=394"},{"taxonomy":"post_tag","embeddable":true,"href":"https:\/\/redaccion1.fcpolit.unr.edu.ar\/comision-margarit\/wp-json\/wp\/v2\/tags?post=394"}],"curies":[{"name":"wp","href":"https:\/\/api.w.org\/{rel}","templated":true}]}}