{"id":392,"date":"2011-10-28T18:22:07","date_gmt":"2011-10-28T18:22:07","guid":{"rendered":"http:\/\/fcpolit.unr.edu.ar\/blogs\/redaccion1-margarit\/2011\/10\/28\/mas-sobre-no-ficcion\/"},"modified":"2011-10-28T18:22:07","modified_gmt":"2011-10-28T18:22:07","slug":"mas-sobre-no-ficcion","status":"publish","type":"post","link":"https:\/\/redaccion1.fcpolit.unr.edu.ar\/comision-margarit\/2011\/10\/28\/mas-sobre-no-ficcion\/","title":{"rendered":"M\u00e1s sobre no ficci\u00f3n"},"content":{"rendered":"<p>Esta lectura fue propuesta por la Lic. Georgina Paladino, querida amiga de Redacci\u00f3n 1 y hace unos a\u00f1os, activa auxiliar alumna y adscripta. Cuando toma contacto con estos temas -dice- se acuerda de nosotros y ah\u00ed nom\u00e1s lo env\u00eda.<br \/>\n<a href=\"http:\/\/www.elpais.com\/articulo\/portada\/arte\/contar\/historias\/reales\/elpepuculbab\/20100227elpbabpor_9\/Tes\">(Del arte de) contar historias reales<\/a><\/p>\n<p><!--more--><br \/>\nEsta lectura sobre el mismo tema, la propone la Lic Laura Oriato, que nos acompa\u00f1a como adscripta.<br \/>\n<a href=\"http:\/\/jorgemolinasanhueza.blogspot.com\/2006\/01\/ornitorrincos-notas-sobre-la-crnica.html\">Ornitorrincos: notas sobre la cr\u00f3nica<\/a><br \/>\nEsta, la hab\u00eda propuesto yo hace unos meses cuando apareci\u00f3 en este suplemento: <a href=\"http:\/\/www.bdp.org.ar\/facultad\/catedras\/comsoc\/redaccion1\/2011\/04\/no_inventaras_el_periodismo_en.php#more\">(El periodismo en cuesti\u00f3n) No inventar\u00e1s<\/a><\/p>\n","protected":false},"excerpt":{"rendered":"<p>Esta lectura fue propuesta por la Lic. Georgina Paladino, querida amiga de Redacci\u00f3n 1 y hace unos a\u00f1os, activa auxiliar alumna y adscripta. Cuando toma contacto con estos temas -dice- se acuerda de nosotros y ah\u00ed nom\u00e1s lo env\u00eda. (Del arte de) contar historias reales<\/p>\n","protected":false},"author":1,"featured_media":0,"comment_status":"open","ping_status":"closed","sticky":false,"template":"","format":"standard","meta":{"footnotes":""},"categories":[5],"tags":[],"_links":{"self":[{"href":"https:\/\/redaccion1.fcpolit.unr.edu.ar\/comision-margarit\/wp-json\/wp\/v2\/posts\/392"}],"collection":[{"href":"https:\/\/redaccion1.fcpolit.unr.edu.ar\/comision-margarit\/wp-json\/wp\/v2\/posts"}],"about":[{"href":"https:\/\/redaccion1.fcpolit.unr.edu.ar\/comision-margarit\/wp-json\/wp\/v2\/types\/post"}],"author":[{"embeddable":true,"href":"https:\/\/redaccion1.fcpolit.unr.edu.ar\/comision-margarit\/wp-json\/wp\/v2\/users\/1"}],"replies":[{"embeddable":true,"href":"https:\/\/redaccion1.fcpolit.unr.edu.ar\/comision-margarit\/wp-json\/wp\/v2\/comments?post=392"}],"version-history":[{"count":0,"href":"https:\/\/redaccion1.fcpolit.unr.edu.ar\/comision-margarit\/wp-json\/wp\/v2\/posts\/392\/revisions"}],"wp:attachment":[{"href":"https:\/\/redaccion1.fcpolit.unr.edu.ar\/comision-margarit\/wp-json\/wp\/v2\/media?parent=392"}],"wp:term":[{"taxonomy":"category","embeddable":true,"href":"https:\/\/redaccion1.fcpolit.unr.edu.ar\/comision-margarit\/wp-json\/wp\/v2\/categories?post=392"},{"taxonomy":"post_tag","embeddable":true,"href":"https:\/\/redaccion1.fcpolit.unr.edu.ar\/comision-margarit\/wp-json\/wp\/v2\/tags?post=392"}],"curies":[{"name":"wp","href":"https:\/\/api.w.org\/{rel}","templated":true}]}}