{"id":383,"date":"2011-10-06T18:56:56","date_gmt":"2011-10-06T18:56:56","guid":{"rendered":"http:\/\/fcpolit.unr.edu.ar\/blogs\/redaccion1-margarit\/2011\/10\/06\/lecturas-para-el-martes-11-de-octubre\/"},"modified":"2011-10-06T18:56:56","modified_gmt":"2011-10-06T18:56:56","slug":"lecturas-para-el-martes-11-de-octubre","status":"publish","type":"post","link":"https:\/\/redaccion1.fcpolit.unr.edu.ar\/comision-margarit\/2011\/10\/06\/lecturas-para-el-martes-11-de-octubre\/","title":{"rendered":"Lecturas para el martes 11 de octubre"},"content":{"rendered":"<p>Nuestra pr\u00f3xima clase estar\u00e1 a cargo de Laura Oriato, en el marco de su trabajo de adscripci\u00f3n <a href=\"http:\/\/www.bdp.org.ar\/facultad\/catedras\/comsoc\/redaccion1\/2011\/08\/la_ciudad_como_texto.php#more\">La ciudad como texto<\/a>.<br \/>\nDeben realizar las siguientes lecturas:<\/p>\n<p><!--more--><br \/>\n<u><strong>Textos de estudio:<\/strong><\/u><br \/>\n<a href=\"http:\/\/www.bdp.org.ar\/facultad\/catedras\/comsoc\/redaccion1\/margarit\/2011\/08\/el_lenguaje_de_la_ciudad_por_a.php\">El lenguaje de la ciudad<\/a><br \/>\n<a href=\"http:\/\/www.bdp.org.ar\/facultad\/catedras\/comsoc\/redaccion1\/margarit\/2011\/08\/fragmento_de_la_ciudad_y_sus_s.php\">La ciudad y sus signos<\/a><br \/>\n<strong><u>Textos de observaci\u00f3n:<\/u><\/strong><br \/>\n<a href=\"http:\/\/www.bdp.org.ar\/facultad\/catedras\/comsoc\/redaccion1\/margarit\/2011\/08\/ciudades_grises_por_angelica_g.php\">Ciudades grises<\/a><br \/>\n<a href=\"http:\/\/www.bdp.org.ar\/facultad\/catedras\/comsoc\/redaccion1\/margarit\/2011\/08\/paris_por_julio_cortazar.php\">Paris<\/a><br \/>\n<a href=\"http:\/\/www.bdp.org.ar\/facultad\/catedras\/comsoc\/redaccion1\/margarit\/2011\/08\/el_place_de_vagabundear_por_ro.php\">El placer de vagabundear<\/a><\/p>\n","protected":false},"excerpt":{"rendered":"<p>Nuestra pr\u00f3xima clase estar\u00e1 a cargo de Laura Oriato, en el marco de su trabajo de adscripci\u00f3n La ciudad como texto. Deben realizar las siguientes lecturas:<\/p>\n","protected":false},"author":1,"featured_media":0,"comment_status":"open","ping_status":"closed","sticky":false,"template":"","format":"standard","meta":{"footnotes":""},"categories":[2],"tags":[],"_links":{"self":[{"href":"https:\/\/redaccion1.fcpolit.unr.edu.ar\/comision-margarit\/wp-json\/wp\/v2\/posts\/383"}],"collection":[{"href":"https:\/\/redaccion1.fcpolit.unr.edu.ar\/comision-margarit\/wp-json\/wp\/v2\/posts"}],"about":[{"href":"https:\/\/redaccion1.fcpolit.unr.edu.ar\/comision-margarit\/wp-json\/wp\/v2\/types\/post"}],"author":[{"embeddable":true,"href":"https:\/\/redaccion1.fcpolit.unr.edu.ar\/comision-margarit\/wp-json\/wp\/v2\/users\/1"}],"replies":[{"embeddable":true,"href":"https:\/\/redaccion1.fcpolit.unr.edu.ar\/comision-margarit\/wp-json\/wp\/v2\/comments?post=383"}],"version-history":[{"count":0,"href":"https:\/\/redaccion1.fcpolit.unr.edu.ar\/comision-margarit\/wp-json\/wp\/v2\/posts\/383\/revisions"}],"wp:attachment":[{"href":"https:\/\/redaccion1.fcpolit.unr.edu.ar\/comision-margarit\/wp-json\/wp\/v2\/media?parent=383"}],"wp:term":[{"taxonomy":"category","embeddable":true,"href":"https:\/\/redaccion1.fcpolit.unr.edu.ar\/comision-margarit\/wp-json\/wp\/v2\/categories?post=383"},{"taxonomy":"post_tag","embeddable":true,"href":"https:\/\/redaccion1.fcpolit.unr.edu.ar\/comision-margarit\/wp-json\/wp\/v2\/tags?post=383"}],"curies":[{"name":"wp","href":"https:\/\/api.w.org\/{rel}","templated":true}]}}