{"id":379,"date":"2011-09-20T17:23:59","date_gmt":"2011-09-20T17:23:59","guid":{"rendered":"http:\/\/fcpolit.unr.edu.ar\/blogs\/redaccion1-margarit\/2011\/09\/20\/hipertexto-trabajo-en-clase\/"},"modified":"2011-09-20T17:23:59","modified_gmt":"2011-09-20T17:23:59","slug":"hipertexto-trabajo-en-clase","status":"publish","type":"post","link":"https:\/\/redaccion1.fcpolit.unr.edu.ar\/comision-margarit\/2011\/09\/20\/hipertexto-trabajo-en-clase\/","title":{"rendered":"Hipertexto: trabajo en clase"},"content":{"rendered":"<p>Fuente: <a href=\"http:\/\/www.bdp.org.ar\/facultad\/catedras\/comsoc\/redaccion1\/arrabal\/2011\/06\/taller_de_lectura_n_6_1.php\">Taller de Lectura N\u00ba 6 por Victoria Arrabal<\/a><br \/>\nEste trabajo tiene como objetivo observar las caracter\u00edsticas de un hipertexto y reflexionar acerca de las formas de lectura en un medio digital.<br \/>\n1) Seleccionar una noticia de un medio digital<\/p>\n<p><!--more--><br \/>\n2) Relatar el trayecto de lectura realizado<br \/>\n3) Indicar a qu\u00e9 remiten los enlaces y qu\u00e9 tipo de informaci\u00f3n aportan (localizadora, contextualizadora, documental, de actualizaci\u00f3n, servicio)<br \/>\n4) Redactar una reflexi\u00f3n acerca de la lectura de un hipertexto y sus diferencias con la lectura de un texto.<\/p>\n","protected":false},"excerpt":{"rendered":"<p>Fuente: Taller de Lectura N\u00ba 6 por Victoria Arrabal Este trabajo tiene como objetivo observar las caracter\u00edsticas de un hipertexto y reflexionar acerca de las formas de lectura en un medio digital. 1) Seleccionar una noticia de un medio digital<\/p>\n","protected":false},"author":1,"featured_media":0,"comment_status":"open","ping_status":"closed","sticky":false,"template":"","format":"standard","meta":{"footnotes":""},"categories":[6],"tags":[],"_links":{"self":[{"href":"https:\/\/redaccion1.fcpolit.unr.edu.ar\/comision-margarit\/wp-json\/wp\/v2\/posts\/379"}],"collection":[{"href":"https:\/\/redaccion1.fcpolit.unr.edu.ar\/comision-margarit\/wp-json\/wp\/v2\/posts"}],"about":[{"href":"https:\/\/redaccion1.fcpolit.unr.edu.ar\/comision-margarit\/wp-json\/wp\/v2\/types\/post"}],"author":[{"embeddable":true,"href":"https:\/\/redaccion1.fcpolit.unr.edu.ar\/comision-margarit\/wp-json\/wp\/v2\/users\/1"}],"replies":[{"embeddable":true,"href":"https:\/\/redaccion1.fcpolit.unr.edu.ar\/comision-margarit\/wp-json\/wp\/v2\/comments?post=379"}],"version-history":[{"count":0,"href":"https:\/\/redaccion1.fcpolit.unr.edu.ar\/comision-margarit\/wp-json\/wp\/v2\/posts\/379\/revisions"}],"wp:attachment":[{"href":"https:\/\/redaccion1.fcpolit.unr.edu.ar\/comision-margarit\/wp-json\/wp\/v2\/media?parent=379"}],"wp:term":[{"taxonomy":"category","embeddable":true,"href":"https:\/\/redaccion1.fcpolit.unr.edu.ar\/comision-margarit\/wp-json\/wp\/v2\/categories?post=379"},{"taxonomy":"post_tag","embeddable":true,"href":"https:\/\/redaccion1.fcpolit.unr.edu.ar\/comision-margarit\/wp-json\/wp\/v2\/tags?post=379"}],"curies":[{"name":"wp","href":"https:\/\/api.w.org\/{rel}","templated":true}]}}