{"id":375,"date":"2011-09-01T18:23:36","date_gmt":"2011-09-01T18:23:36","guid":{"rendered":"http:\/\/fcpolit.unr.edu.ar\/blogs\/redaccion1-margarit\/2011\/09\/01\/una-entrevista-sobre-la-tematica-de-la-ciudad\/"},"modified":"2011-09-01T18:23:36","modified_gmt":"2011-09-01T18:23:36","slug":"una-entrevista-sobre-la-tematica-de-la-ciudad","status":"publish","type":"post","link":"https:\/\/redaccion1.fcpolit.unr.edu.ar\/comision-margarit\/2011\/09\/01\/una-entrevista-sobre-la-tematica-de-la-ciudad\/","title":{"rendered":"Una entrevista sobre la tem\u00e1tica de la ciudad"},"content":{"rendered":"<p><a href=\"https:\/\/blogs.fcpolit.unr.edu.ar\/redaccion1-margarit\/files\/2011\/09\/Foto0035.jpg\"><img loading=\"lazy\" decoding=\"async\" class=\"alignright size-medium wp-image-2165\" src=\"https:\/\/blogs.fcpolit.unr.edu.ar\/redaccion1-margarit\/files\/2011\/09\/Foto0035-225x300.jpg\" alt=\"Foto0035\" width=\"225\" height=\"300\" \/><\/a><\/p>\n<p>Ana Mar\u00eda MARGARIT<\/p>\n<p>Para abordar este trabajo son necesarias algunas condiciones previas, a saber:<br \/>\nLeer los textos de estudio <a href=\"https:\/\/blogs.fcpolit.unr.edu.ar\/programa\/2008\/03\/29\/la-entrevista-como-herramienta-de-recoleccion-de-datos\/\">La entrevista como herramienta de recolecci\u00f3n de datos<\/a>, <a href=\"https:\/\/blogs.fcpolit.unr.edu.ar\/programa\/2008\/03\/29\/la-entrevista-periodistica-jorge-halperin\/\">La entrevista period\u00edstica<\/a>, <a href=\"https:\/\/blogs.fcpolit.unr.edu.ar\/programa\/2008\/03\/29\/la-entrevista-una-invencion-dialogica-leonor-arfuch\/\">La entrevista, una invenci\u00f3n dial\u00f3gica<\/a>.<\/p>\n<p><!--more--><br \/>\nLeer los textos de estudio <a href=\"https:\/\/blogs.fcpolit.unr.edu.ar\/redaccion1-margarit\/el-lenguaje-de-la-ciudad\/\">El lenguaje de la ciudad<\/a> y <a href=\"https:\/\/blogs.fcpolit.unr.edu.ar\/redaccion1-margarit\/la-ciudad-y-sus-signos-fragmento\/\">La ciudad y sus signos<\/a><br \/>\nEn el marco de esta tem\u00e1tica, especificar un tema, buscar un personaje y realizar una entrevista breve que resolver\u00e1n en formato pregunta respuesta.<br \/>\nEntrega por mail entre 15 y 17 de setiembre.<\/p>\n","protected":false},"excerpt":{"rendered":"<p>Ana Mar\u00eda MARGARIT Para abordar este trabajo son necesarias algunas condiciones previas, a saber: Leer los textos de estudio La entrevista como herramienta de recolecci\u00f3n de datos, La entrevista period\u00edstica, La entrevista, una invenci\u00f3n dial\u00f3gica.<\/p>\n","protected":false},"author":1,"featured_media":0,"comment_status":"open","ping_status":"closed","sticky":false,"template":"","format":"standard","meta":{"footnotes":""},"categories":[7],"tags":[],"_links":{"self":[{"href":"https:\/\/redaccion1.fcpolit.unr.edu.ar\/comision-margarit\/wp-json\/wp\/v2\/posts\/375"}],"collection":[{"href":"https:\/\/redaccion1.fcpolit.unr.edu.ar\/comision-margarit\/wp-json\/wp\/v2\/posts"}],"about":[{"href":"https:\/\/redaccion1.fcpolit.unr.edu.ar\/comision-margarit\/wp-json\/wp\/v2\/types\/post"}],"author":[{"embeddable":true,"href":"https:\/\/redaccion1.fcpolit.unr.edu.ar\/comision-margarit\/wp-json\/wp\/v2\/users\/1"}],"replies":[{"embeddable":true,"href":"https:\/\/redaccion1.fcpolit.unr.edu.ar\/comision-margarit\/wp-json\/wp\/v2\/comments?post=375"}],"version-history":[{"count":0,"href":"https:\/\/redaccion1.fcpolit.unr.edu.ar\/comision-margarit\/wp-json\/wp\/v2\/posts\/375\/revisions"}],"wp:attachment":[{"href":"https:\/\/redaccion1.fcpolit.unr.edu.ar\/comision-margarit\/wp-json\/wp\/v2\/media?parent=375"}],"wp:term":[{"taxonomy":"category","embeddable":true,"href":"https:\/\/redaccion1.fcpolit.unr.edu.ar\/comision-margarit\/wp-json\/wp\/v2\/categories?post=375"},{"taxonomy":"post_tag","embeddable":true,"href":"https:\/\/redaccion1.fcpolit.unr.edu.ar\/comision-margarit\/wp-json\/wp\/v2\/tags?post=375"}],"curies":[{"name":"wp","href":"https:\/\/api.w.org\/{rel}","templated":true}]}}