{"id":349,"date":"2011-06-08T18:08:29","date_gmt":"2011-06-08T18:08:29","guid":{"rendered":"http:\/\/fcpolit.unr.edu.ar\/blogs\/redaccion1-margarit\/2011\/06\/08\/re-actos-de-habla\/"},"modified":"2011-06-08T18:08:29","modified_gmt":"2011-06-08T18:08:29","slug":"re-actos-de-habla","status":"publish","type":"post","link":"https:\/\/redaccion1.fcpolit.unr.edu.ar\/comision-margarit\/2011\/06\/08\/re-actos-de-habla\/","title":{"rendered":"Re actos de habla"},"content":{"rendered":"<p>Dado que los resultados de los trabajos pr\u00e1cticos denotaron parcialmente una falta de comprensi\u00f3n sobre el tema Actos de Habla, retomamos el tema, reexplicamos el tema, reanalizamos y re re hasta que qued\u00f3 todo reentendido.<\/p>\n<p><!--more--><br \/>\nTrabajamos sobre dos cartas de lectores, tema Bengalas seleccionado por Juan Manuel Rizzatti, tema Celulares seleccionado por m\u00ed.<\/p>\n<blockquote><p><a href=\"http:\/\/www.clarin.com\/opinion\/falta-legislacion-bengalas_0_487151467.html\"><strong>La falta de legislaci\u00f3n sobre las bengalas<\/strong><\/a><br \/>\nClar\u00edn 25\/05\/2011, por Enrique Beux<br \/>\nDe Croma\u00f1\u00f3n en adelante nada se legisl\u00f3 para evitar el disparo irresponsable de pirotecnia en lugares abiertos o cerrados de concurrencia multitudinaria. <strong>(informar)<\/strong><br \/>\nAnte tantas muertes por ese descontrol ser\u00eda muy oportuno que el Poder Ejecutivo expidiera un decreto, <strong>(reclamar\/pedir)<\/strong> de verdadera \u201cnecesidad y urgencia\u201d, <strong>(criticar)<\/strong> que regir\u00eda hasta tanto tengamos una legislaci\u00f3n adecuada, prohibiendo el ingreso de elementos de pirotecnia a eventos multitudinarios y haciendo corresponsables de su incumplimiento, tanto a qui\u00e9n porte dichos elementos como a los organizadores.<strong>(pedir\/proponer)<\/strong><br \/>\n&#8212;&#8212;&#8212;&#8212;&#8212;&#8212;&#8212;&#8212;&#8212;&#8212;&#8212;&#8212;&#8212;&#8212;&#8212;&#8212;&#8212;&#8212;&#8212;<br \/>\nAnalizamos: macroacto de habla: pedir<br \/>\nSecuencia de microactos de habla: informar, reclamar o pedir, criticar, pedir o proponer.<\/p><\/blockquote>\n<blockquote><p><a href=\"http:\/\/www.lacapital.com.ar\/ed_impresa\/2011\/6\/edicion_947\/contenidos\/noticia_5225.html\">Me cobran las llamadas gratis<\/a><br \/>\nLa Capital, 6\/6\/2011<br \/>\nDesde hace tres a\u00f1os soy abonado de telefon\u00eda celular Claro. Con el tiempo adquir\u00ed dos l\u00edneas m\u00e1s y, como toda empresa de servicio a modo de premio o de bonificaci\u00f3n, me ofrecieron (previo incremento de mi abono) poseer n\u00fameros llamados &#8220;frecuentes&#8221; a mi elecci\u00f3n sin costo alguno. <strong>(informar)<\/strong> A mediados del mes de curso de mi abono, los mensajes de una de esas l\u00edneas a un n\u00famero (frecuente o gratuito ) me fueron cobrados y durante el mes en curso me siguen cobrando y consumiendo mi abono: sin m\u00e1s alternativas me veo obligado a la compra de tarjetas para poder utilizar mi tel\u00e9fono. <strong>(denunciar)<\/strong> Ante mi consulta, me dijeron que me iban a devolver ese abono perdido injustamente, y ante mis reiterados reclamos hasta me han cortado la comunicaci\u00f3n, dej\u00e1ndome sin soluci\u00f3n ni respuesta alguna. <strong>(reclamar)<\/strong> Yo me pregunto: \u00bfel abono que yo pago sirve para pagar los sueldos de los empleados que deber\u00edan escucharme y ayudarme ante mi inconveniente? \u00bfSi se graban las comunicaciones, har\u00e1n algo con los irrespetuosos que me colgaron en lugar de ayudarme? <strong>(interpelar)<\/strong> \u00bfQu\u00e9 pasa si yo no pago el abono? Seguro que me cortan el servicio. Me hacen cargar tarjetas y ante eso ellos se benefician ya que mi dinero va para sus bolsillos.<strong>(denunciar)<\/strong> Invito a todos los que hayan sido estafados (otra palabra no existe ante estas circunstancias) a realizar la pertinente demanda ante la Justicia para terminar con estos maltratos y atropellos a los que nuestra sociedad ya est\u00e1 acostumbrada,<strong>(exhortar)<\/strong> pero que ya se est\u00e1 cansando.<strong>(advertir\/amenazar)<\/strong><br \/>\nDaniel Lazarte<br \/>\n&#8212;&#8212;&#8212;&#8212;&#8212;&#8212;&#8212;&#8212;&#8212;&#8212;&#8212;&#8212;&#8212;&#8212;&#8212;&#8212;&#8212;&#8212;&#8212;&#8211;<br \/>\nAnalizamos: macroacto de habla: denunciar<br \/>\nSecuencia de microactos de habla: informar, denunciar, reclamar, interpelar, denunciar, exhortar, advertir\/amenazar<\/p><\/blockquote>\n","protected":false},"excerpt":{"rendered":"<p>Dado que los resultados de los trabajos pr\u00e1cticos denotaron parcialmente una falta de comprensi\u00f3n sobre el tema Actos de Habla, retomamos el tema, reexplicamos el tema, reanalizamos y re re hasta que qued\u00f3 todo reentendido.<\/p>\n","protected":false},"author":33,"featured_media":0,"comment_status":"open","ping_status":"closed","sticky":false,"template":"","format":"standard","meta":{"footnotes":""},"categories":[6],"tags":[],"_links":{"self":[{"href":"https:\/\/redaccion1.fcpolit.unr.edu.ar\/comision-margarit\/wp-json\/wp\/v2\/posts\/349"}],"collection":[{"href":"https:\/\/redaccion1.fcpolit.unr.edu.ar\/comision-margarit\/wp-json\/wp\/v2\/posts"}],"about":[{"href":"https:\/\/redaccion1.fcpolit.unr.edu.ar\/comision-margarit\/wp-json\/wp\/v2\/types\/post"}],"author":[{"embeddable":true,"href":"https:\/\/redaccion1.fcpolit.unr.edu.ar\/comision-margarit\/wp-json\/wp\/v2\/users\/33"}],"replies":[{"embeddable":true,"href":"https:\/\/redaccion1.fcpolit.unr.edu.ar\/comision-margarit\/wp-json\/wp\/v2\/comments?post=349"}],"version-history":[{"count":0,"href":"https:\/\/redaccion1.fcpolit.unr.edu.ar\/comision-margarit\/wp-json\/wp\/v2\/posts\/349\/revisions"}],"wp:attachment":[{"href":"https:\/\/redaccion1.fcpolit.unr.edu.ar\/comision-margarit\/wp-json\/wp\/v2\/media?parent=349"}],"wp:term":[{"taxonomy":"category","embeddable":true,"href":"https:\/\/redaccion1.fcpolit.unr.edu.ar\/comision-margarit\/wp-json\/wp\/v2\/categories?post=349"},{"taxonomy":"post_tag","embeddable":true,"href":"https:\/\/redaccion1.fcpolit.unr.edu.ar\/comision-margarit\/wp-json\/wp\/v2\/tags?post=349"}],"curies":[{"name":"wp","href":"https:\/\/api.w.org\/{rel}","templated":true}]}}