{"id":292,"date":"2010-07-23T17:51:23","date_gmt":"2010-07-23T17:51:23","guid":{"rendered":"http:\/\/fcpolit.unr.edu.ar\/blogs\/redaccion1-margarit\/2010\/07\/23\/estado-de-las-baterias\/"},"modified":"2010-07-23T17:51:23","modified_gmt":"2010-07-23T17:51:23","slug":"estado-de-las-baterias","status":"publish","type":"post","link":"https:\/\/redaccion1.fcpolit.unr.edu.ar\/comision-margarit\/2010\/07\/23\/estado-de-las-baterias\/","title":{"rendered":"&quot;Estado de las bater\u00edas&quot;"},"content":{"rendered":"<p>por Julio Cort\u00e1zar<br \/>\n<img loading=\"lazy\" decoding=\"async\" alt=\"cover8.jpg\" src=\"http:\/\/www.bdp.org.ar\/facultad\/catedras\/comsoc\/redaccion1\/margarit\/cover8.jpg\" width=\"300\" height=\"220\" \/><br \/>\n\u201cEn la p\u00e1gina 220 de mi novela <strong>62<\/strong>, Juan vuelve a Par\u00eds despu\u00e9s de varias semanas de ausencia, y apenas se ha ba\u00f1ado y cambiado de ropa va al garaje y saca su auto para ir a buscar a H\u00e9lene.<br \/>\nEl lector que ignore el funcionamiento de la vida pr\u00e1ctica en Par\u00eds pensar\u00e1 que eso no es posible, puesto que la bater\u00eda de un auto inmovilizado tanto tiempo se descarga y nadie imagina \u2013especialmente yo- a un bac\u00e1n como ese int\u00e9rprete internacional d\u00e1ndole manija al coche para que arranque.<br \/>\nEl mismo lector, sin embargo, ha encontrado tantas irrealidades en el libro, que incluso si repara en ese detalle t\u00e9cnico puede sentirse tentado de incluirlo en la cuenta de todo lo precedente; si es as\u00ed, deber\u00eda dedicarse a leer otro tipo de literatura porque en \u00e9ste no congenia.<\/p>\n<p><!--more--><br \/>\nLa raz\u00f3n es muy simple y sit\u00faa con una clar\u00edsima perspectiva la noci\u00f3n de realidad en cierta narrativa. Muchas cosas pueden parecer \u201cabsurdas\u201d en <strong>62<\/strong>, deliberada o t\u00e1citamente imposibles con arreglo a la \u00f3ptica usual; pero en un relato que merezca el nombre de fant\u00e1stico ese supuesto \u201cabsurdo\u201d responde a una legislaci\u00f3n no menos coherente que la de la realidad ordinaria; de ah\u00ed que una transgresi\u00f3n tan fr\u00edvola como la del auto que arranca sin la bater\u00eda cargada <strong>bastar\u00eda para invalidarlo<\/strong>. El lector sensible a los par\u00e1metros y a las normas subyacentes en toda leg\u00edtima literatura fant\u00e1stica sabe que hay una l\u00f3gica <strong>sui generis<\/strong> que no tolera all\u00ed la menor frivolidad (\u00a1hermoso rigor del homo ludens!), una realidad de lo ins\u00f3lito dentro de la cual los ascensores pueden desplazarse horizontalmente y las estaciones del subte sucederse en un orden extracartogr\u00e1fico y las lagunas suburbanas de Par\u00eds encresparse con sensibles mareas, pero que se anular\u00eda insanablemente si cediera a facilidades como la citada al principio. Y as\u00ed el lector sensible a esa l\u00f3gica sabe, sin necesidad de que se le diga en el texto, que el patr\u00f3n del garaje conoc\u00eda la fecha del regreso de Juan y le ten\u00eda el auto listo, o que Juan, como hacemos en estas latitudes, le telefone\u00f3 desde Viena para que le cargara la bater\u00eda. Lo fant\u00e1stico no es nunca absurdo porque su coherencia intr\u00ednseca funciona con el mismo rigor que la de lo cotidiano; de ah\u00ed que cualquier transgresi\u00f3n de su estructura lo precipite en la banalidad y la extravagancia. Un auto que arranca con la bater\u00eda descargada entra en lo maravilloso y no en lo fant\u00e1stico; el auto de Juan, en todo caso, no se parec\u00eda nada a la carroza de la Cenicienta\u201d.<br \/>\n<strong>Fragmento de \u201c\u00daltimo round\u201d de Julio Cort\u00e1zar,  p\u00e1ginas 57 a 59. <\/strong><\/p>\n","protected":false},"excerpt":{"rendered":"<p>por Julio Cort\u00e1zar \u201cEn la p\u00e1gina 220 de mi novela 62, Juan vuelve a Par\u00eds despu\u00e9s de varias semanas de ausencia, y apenas se ha ba\u00f1ado y cambiado de ropa va al garaje y saca su auto para ir a buscar a H\u00e9lene. El lector que ignore el funcionamiento de la vida pr\u00e1ctica en Par\u00eds [&hellip;]<\/p>\n","protected":false},"author":1,"featured_media":0,"comment_status":"open","ping_status":"closed","sticky":false,"template":"","format":"standard","meta":{"footnotes":""},"categories":[5],"tags":[],"_links":{"self":[{"href":"https:\/\/redaccion1.fcpolit.unr.edu.ar\/comision-margarit\/wp-json\/wp\/v2\/posts\/292"}],"collection":[{"href":"https:\/\/redaccion1.fcpolit.unr.edu.ar\/comision-margarit\/wp-json\/wp\/v2\/posts"}],"about":[{"href":"https:\/\/redaccion1.fcpolit.unr.edu.ar\/comision-margarit\/wp-json\/wp\/v2\/types\/post"}],"author":[{"embeddable":true,"href":"https:\/\/redaccion1.fcpolit.unr.edu.ar\/comision-margarit\/wp-json\/wp\/v2\/users\/1"}],"replies":[{"embeddable":true,"href":"https:\/\/redaccion1.fcpolit.unr.edu.ar\/comision-margarit\/wp-json\/wp\/v2\/comments?post=292"}],"version-history":[{"count":0,"href":"https:\/\/redaccion1.fcpolit.unr.edu.ar\/comision-margarit\/wp-json\/wp\/v2\/posts\/292\/revisions"}],"wp:attachment":[{"href":"https:\/\/redaccion1.fcpolit.unr.edu.ar\/comision-margarit\/wp-json\/wp\/v2\/media?parent=292"}],"wp:term":[{"taxonomy":"category","embeddable":true,"href":"https:\/\/redaccion1.fcpolit.unr.edu.ar\/comision-margarit\/wp-json\/wp\/v2\/categories?post=292"},{"taxonomy":"post_tag","embeddable":true,"href":"https:\/\/redaccion1.fcpolit.unr.edu.ar\/comision-margarit\/wp-json\/wp\/v2\/tags?post=292"}],"curies":[{"name":"wp","href":"https:\/\/api.w.org\/{rel}","templated":true}]}}