{"id":282,"date":"2010-06-09T17:45:12","date_gmt":"2010-06-09T17:45:12","guid":{"rendered":"http:\/\/fcpolit.unr.edu.ar\/blogs\/redaccion1-margarit\/2010\/06\/09\/salida-al-campo-1\/"},"modified":"2010-06-09T17:45:12","modified_gmt":"2010-06-09T17:45:12","slug":"salida-al-campo-1","status":"publish","type":"post","link":"https:\/\/redaccion1.fcpolit.unr.edu.ar\/comision-margarit\/2010\/06\/09\/salida-al-campo-1\/","title":{"rendered":"Salida al campo 1"},"content":{"rendered":"<p><img loading=\"lazy\" decoding=\"async\" alt=\"tomandonotas.jpg\" src=\"http:\/\/www.bdp.org.ar\/facultad\/catedras\/comsoc\/redaccion1\/margarit\/tomandonotas.jpg\" width=\"400\" height=\"233\" \/><br \/>\nEste trabajo pr\u00e1ctico tiene por objetivo escribir una informaci\u00f3n propia, cuyos datos y material informativo hayan sido relevados por los estudiantes en un hecho p\u00fablico.<br \/>\nTienen que realizar una cobertura informativa y luego escribir un texto informativo de una carilla como m\u00ednimo, titulado; puede estar acompa\u00f1ado de una foto.<br \/>\nPara ello, asistir\u00e1n a alguno de los siguientes eventos:<\/p>\n<p><!--more--><br \/>\n<a href=\"http:\/\/www.bdp.org.ar\/facultad\/catedras\/comsoc\/redaccion1\/2010\/05\/ley_de_medios_y_democracia_inf.php#more\">Ley de medios y democracia informativa<\/a><br \/>\n<a href=\"http:\/\/www.bdp.org.ar\/facultad\/catedras\/comsoc\/redaccion1\/2010\/05\/3eras_jornadas_de_debate.php#more\">Jornadas debate Argentina hacia el Bicentenario<\/a><br \/>\nEntregar por correo electr\u00f3nico hasta el s\u00e1bado a la noche o llevar impreso a la clase del pr\u00f3ximo martes 15 de junio.<\/p>\n","protected":false},"excerpt":{"rendered":"<p>Este trabajo pr\u00e1ctico tiene por objetivo escribir una informaci\u00f3n propia, cuyos datos y material informativo hayan sido relevados por los estudiantes en un hecho p\u00fablico. Tienen que realizar una cobertura informativa y luego escribir un texto informativo de una carilla como m\u00ednimo, titulado; puede estar acompa\u00f1ado de una foto. Para ello, asistir\u00e1n a alguno de [&hellip;]<\/p>\n","protected":false},"author":1,"featured_media":0,"comment_status":"open","ping_status":"closed","sticky":false,"template":"","format":"standard","meta":{"footnotes":""},"categories":[3],"tags":[],"_links":{"self":[{"href":"https:\/\/redaccion1.fcpolit.unr.edu.ar\/comision-margarit\/wp-json\/wp\/v2\/posts\/282"}],"collection":[{"href":"https:\/\/redaccion1.fcpolit.unr.edu.ar\/comision-margarit\/wp-json\/wp\/v2\/posts"}],"about":[{"href":"https:\/\/redaccion1.fcpolit.unr.edu.ar\/comision-margarit\/wp-json\/wp\/v2\/types\/post"}],"author":[{"embeddable":true,"href":"https:\/\/redaccion1.fcpolit.unr.edu.ar\/comision-margarit\/wp-json\/wp\/v2\/users\/1"}],"replies":[{"embeddable":true,"href":"https:\/\/redaccion1.fcpolit.unr.edu.ar\/comision-margarit\/wp-json\/wp\/v2\/comments?post=282"}],"version-history":[{"count":0,"href":"https:\/\/redaccion1.fcpolit.unr.edu.ar\/comision-margarit\/wp-json\/wp\/v2\/posts\/282\/revisions"}],"wp:attachment":[{"href":"https:\/\/redaccion1.fcpolit.unr.edu.ar\/comision-margarit\/wp-json\/wp\/v2\/media?parent=282"}],"wp:term":[{"taxonomy":"category","embeddable":true,"href":"https:\/\/redaccion1.fcpolit.unr.edu.ar\/comision-margarit\/wp-json\/wp\/v2\/categories?post=282"},{"taxonomy":"post_tag","embeddable":true,"href":"https:\/\/redaccion1.fcpolit.unr.edu.ar\/comision-margarit\/wp-json\/wp\/v2\/tags?post=282"}],"curies":[{"name":"wp","href":"https:\/\/api.w.org\/{rel}","templated":true}]}}