{"id":280,"date":"2010-06-05T00:54:48","date_gmt":"2010-06-05T00:54:48","guid":{"rendered":"http:\/\/fcpolit.unr.edu.ar\/blogs\/redaccion1-margarit\/2010\/06\/05\/estamos-perdiendo-los-papeles\/"},"modified":"2010-06-05T00:54:48","modified_gmt":"2010-06-05T00:54:48","slug":"estamos-perdiendo-los-papeles","status":"publish","type":"post","link":"https:\/\/redaccion1.fcpolit.unr.edu.ar\/comision-margarit\/2010\/06\/05\/estamos-perdiendo-los-papeles\/","title":{"rendered":"&quot;Estamos perdiendo los papeles&quot;"},"content":{"rendered":"<p>por Laura Oriato<\/p>\n<p>Encontr\u00e9 este texto del conocid\u00edsimo <em>bloguero<\/em> argentino Hern\u00e1n Casciari, autor de cuatro <em>blogonovelas<\/em>, entre ellas, &#8220;M\u00e1s respeto que soy tu madre&#8221;. Para que lo disfrutemos entre todos, los nativos, los extranjeros, los anal\u00f3gicos y los digitales.<br \/>\n<img loading=\"lazy\" decoding=\"async\" alt=\"paulpaper.jpg\" src=\"http:\/\/www.bdp.org.ar\/facultad\/catedras\/comsoc\/redaccion1\/margarit\/paulpaper.jpg\" width=\"450\" height=\"259\" \/><br \/>\n<a href=\"http:\/\/www.longliveanalog.com\/?cat=3\"><br \/>\nimagen<\/a><\/p>\n<p><!--more--><br \/>\n<strong><br \/>\nPor Hern\u00e1n Casciari*<\/strong><br \/>\nTengo poco m\u00e1s de treinta a\u00f1os, y como todos los periodistas o escritores de mi generaci\u00f3n, he escrito mi primera novela en una Olivetti de carro ancho y la \u00faltima en un ordenador port\u00e1til.<br \/>\nHe borroneado mi primer cuento en un cuaderno de hojas cuadriculadas, y mi \u00faltimo cuento lo he pensado expresamente para mi weblog personal. He redactado mi primer art\u00edculo period\u00edstico en un pasqu\u00edn de pueblo que se imprim\u00eda con linotipos, y en cambio \u00e9ste, mi \u00faltimo art\u00edculo, lo has impreso t\u00fa en tu casa, con tu propio papel, luego de hab\u00e9rtelo bajado de la Red.<br \/>\nNuestra generaci\u00f3n ser\u00e1, de entre la Humanidad entera, la \u00fanica que pueda decir &#8220;he caminado por las dos veredas&#8221;. Nacimos anal\u00f3gicos, crecimos en una trepidante transformaci\u00f3n, y envejeceremos ya completamente digitales. Y aunque muchos de nosotros recordemos con nostalgia el olor de la tinta de nuestro primer cuaderno de espirales, lo contaremos desde un blog.<br \/>\nAl haber tenido la privilegiada oportunidad de probar ambas formas de comunicaci\u00f3n, estoy convencido de preferir esta \u00e9poca, estas herramientas y estos recursos para decir lo que pienso y compartir lo que invento.<br \/>\nPero hay algo que perderemos irremediablemente, algo que nadie echa a faltar todav\u00eda, pero que en no muchos a\u00f1os ser\u00e1 un bache inmenso en la transmisi\u00f3n cultural: estamos perdiendo los originales. Uno de los placeres m\u00e1s er\u00f3ticos y del vouyerismo literario ha sido siempre, por supuesto, ver las tachaduras de los maestros en el papel. Y los futuros maestros arrojan sus errores a la papelera de reciclaje. Nuestros hijos ya no podr\u00e1n beber de esa fuente. Parece balad\u00ed, pero creo que es una p\u00e9rdida tremenda.<br \/>\nPersonalmente suelo prestar mucha atenci\u00f3n a los originales y primeras versiones de aquellos que admiro por su prosa simple. Porque han sido justamente ellos los que m\u00e1s han tachado, borroneado y sintetizado. Los que m\u00e1s han exprimido los m\u00e1rgenes de las hojas con anotaciones, los que m\u00e1s han dado c\u00e1tedra de errores resueltos a tiempo.<br \/>\n\u00bfQui\u00e9n escribe a mano hoy en d\u00eda? \u00bfOs acord\u00e1is cuando la maestra nos reconoc\u00eda por nuestra letra? Yo, por lo menos, ya no tengo letra. \u00bfAlguien se acuerda del LiquidPaper, ese pincelito de olor intenso con el que blanque\u00e1bamos nuestra mala taquigraf\u00eda y con el que a veces incluso nos drog\u00e1bamos sanamente? Hoy todo es Delete. Hoy todo lo que no nos sirve desaparece de la pantalla, y cada cosa que escribimos es la \u00faltima versi\u00f3n. No tenemos memoria ni de nuestros propios errores.<br \/>\nQuiz\u00e1s me est\u00e9 equivocando, pero creo que -por culpa de la tecnolog\u00eda- dentro de cien a\u00f1os se escribir\u00e1 un poco peor que hace cien a\u00f1os. Pero -gracias a la tecnolog\u00eda- lo har\u00e1 el doble de gente. Yo todav\u00eda no s\u00e9 qu\u00e9 es mejor.<br \/>\n*<a href=\"http:\/\/weblogmagazine.net\/hernan_casciari.html\">Texto original<\/a><br \/>\n<a href=\"http:\/\/blogs.elpais.com\/espoiler\/\">Blog de Casciari en El Pa\u00eds.<\/a><\/p>\n","protected":false},"excerpt":{"rendered":"<p>por Laura Oriato Encontr\u00e9 este texto del conocid\u00edsimo bloguero argentino Hern\u00e1n Casciari, autor de cuatro blogonovelas, entre ellas, &#8220;M\u00e1s respeto que soy tu madre&#8221;. Para que lo disfrutemos entre todos, los nativos, los extranjeros, los anal\u00f3gicos y los digitales. imagen<\/p>\n","protected":false},"author":1,"featured_media":0,"comment_status":"open","ping_status":"closed","sticky":false,"template":"","format":"standard","meta":{"footnotes":""},"categories":[5],"tags":[],"_links":{"self":[{"href":"https:\/\/redaccion1.fcpolit.unr.edu.ar\/comision-margarit\/wp-json\/wp\/v2\/posts\/280"}],"collection":[{"href":"https:\/\/redaccion1.fcpolit.unr.edu.ar\/comision-margarit\/wp-json\/wp\/v2\/posts"}],"about":[{"href":"https:\/\/redaccion1.fcpolit.unr.edu.ar\/comision-margarit\/wp-json\/wp\/v2\/types\/post"}],"author":[{"embeddable":true,"href":"https:\/\/redaccion1.fcpolit.unr.edu.ar\/comision-margarit\/wp-json\/wp\/v2\/users\/1"}],"replies":[{"embeddable":true,"href":"https:\/\/redaccion1.fcpolit.unr.edu.ar\/comision-margarit\/wp-json\/wp\/v2\/comments?post=280"}],"version-history":[{"count":0,"href":"https:\/\/redaccion1.fcpolit.unr.edu.ar\/comision-margarit\/wp-json\/wp\/v2\/posts\/280\/revisions"}],"wp:attachment":[{"href":"https:\/\/redaccion1.fcpolit.unr.edu.ar\/comision-margarit\/wp-json\/wp\/v2\/media?parent=280"}],"wp:term":[{"taxonomy":"category","embeddable":true,"href":"https:\/\/redaccion1.fcpolit.unr.edu.ar\/comision-margarit\/wp-json\/wp\/v2\/categories?post=280"},{"taxonomy":"post_tag","embeddable":true,"href":"https:\/\/redaccion1.fcpolit.unr.edu.ar\/comision-margarit\/wp-json\/wp\/v2\/tags?post=280"}],"curies":[{"name":"wp","href":"https:\/\/api.w.org\/{rel}","templated":true}]}}