{"id":266,"date":"2010-04-27T23:49:26","date_gmt":"2010-04-27T23:49:26","guid":{"rendered":"http:\/\/fcpolit.unr.edu.ar\/blogs\/redaccion1-margarit\/2010\/04\/27\/tareas-para-el-martes-4-de-mayo\/"},"modified":"2010-04-27T23:49:26","modified_gmt":"2010-04-27T23:49:26","slug":"tareas-para-el-martes-4-de-mayo","status":"publish","type":"post","link":"https:\/\/redaccion1.fcpolit.unr.edu.ar\/comision-margarit\/2010\/04\/27\/tareas-para-el-martes-4-de-mayo\/","title":{"rendered":"Tareas para el martes 4 de mayo"},"content":{"rendered":"<p><img loading=\"lazy\" decoding=\"async\" alt=\"diarios.jpg\" src=\"http:\/\/www.bdp.org.ar\/facultad\/catedras\/comsoc\/redaccion1\/margarit\/diarios.jpg\" width=\"229\" height=\"234\" align=\"right\" hspace=\"20\" \/>Como ya les cont\u00e9 en clase, estar\u00e9 ausente por dos martes consecutivos, el 4 y el 11 de mayo. Ustedes tendr\u00e1n clase con la adjunta de la c\u00e1tedra, mi compa\u00f1era profesora Male S\u00e1nchez y estar\u00e1n acompa\u00f1ados tambi\u00e9n por la auxiliar Laura Oriato a quien ya conocieron la vez pasada.<br \/>\nLes dejo las tareas de estudio y preparaci\u00f3n de materiales para el martes 4.<\/p>\n<p><!--more--><br \/>\n<strong><u>Estudiar<\/u><\/strong><br \/>\nIniciaremos el estudio de la Unidad 8, Noticia directa. A partir de esa lectura, emprenderemos experiencias de comprensi\u00f3n y escritura del texto informativo y noticioso que se extender\u00e1 durante el a\u00f1o y atravesar\u00e1 otros temas de las diferentes unidades.<br \/>\nTienen que estudiar los siguientes textos:<br \/>\n<a href=\"http:\/\/www.bdp.org.ar\/facultad\/catedras\/comsoc\/redaccion1\/unidades\/2008\/03\/noticia_directa_1.php\">Noticia directa<\/a> y<a href=\"http:\/\/www.bdp.org.ar\/facultad\/catedras\/comsoc\/redaccion1\/unidades\/2008\/03\/definiciones_y_estructura.php\"> Definiciones y estructura<\/a>, con sus correspondientes textos conectados.<br \/>\nReactualizo la necesidad de volver a leer los textos  <a href=\"http:\/\/www.bdp.org.ar\/facultad\/catedras\/comsoc\/redaccion1\/unidades\/2003\/07\/nocion_de_audiencia_t_base_7.php\">sobre las audiencias<\/a>. Primero, porque, como expliqu\u00e9 en clase, es necesario tener una noci\u00f3n del asunto aunque el material con que contamos no es excelente. Segundo, porque para la realizaci\u00f3n de la actividad que har\u00e1n con Laura hay que tener fresco el tema <a href=\"http:\/\/www.bdp.org.ar\/facultad\/catedras\/comsoc\/redaccion1\/unidades\/2008\/03\/variables_para_la_caracterizac.php\">Variables para la caracterizaci\u00f3n de p\u00fablicos<\/a>.<br \/>\n<u><strong>Trabajo que se har\u00e1 en clase<\/strong><\/u><br \/>\nLa actividad que har\u00e1n con Laura ser\u00e1 <a href=\"http:\/\/www.bdp.org.ar\/facultad\/catedras\/comsoc\/redaccion1\/unidades\/2008\/03\/reconocimientos.php\">Reconocimientos<\/a>. Lean su contenido, no resuelvan nada porque se har\u00e1 en la clase pero lleven los materiales necesarios, esto es un diario y una noticia ya elegida con la cual trabajar\u00e1n.<br \/>\n<u><strong>Trabajos pendientes<\/strong><\/u><br \/>\nPendientes de que ustedes entreguen, completen o rehagan y pendientes de que yo los corrija a mi vuelta. Por favor, todo lo que no se entreg\u00f3 hasta ahora o est\u00e1 para rehacer lo llevan resuelto e impreso a la clase del 4 de mayo. Yo lo corregir\u00e9 a partir del 15 de mayo.<\/p>\n","protected":false},"excerpt":{"rendered":"<p>Como ya les cont\u00e9 en clase, estar\u00e9 ausente por dos martes consecutivos, el 4 y el 11 de mayo. Ustedes tendr\u00e1n clase con la adjunta de la c\u00e1tedra, mi compa\u00f1era profesora Male S\u00e1nchez y estar\u00e1n acompa\u00f1ados tambi\u00e9n por la auxiliar Laura Oriato a quien ya conocieron la vez pasada. Les dejo las tareas de estudio [&hellip;]<\/p>\n","protected":false},"author":1,"featured_media":0,"comment_status":"open","ping_status":"closed","sticky":false,"template":"","format":"standard","meta":{"footnotes":""},"categories":[2],"tags":[],"_links":{"self":[{"href":"https:\/\/redaccion1.fcpolit.unr.edu.ar\/comision-margarit\/wp-json\/wp\/v2\/posts\/266"}],"collection":[{"href":"https:\/\/redaccion1.fcpolit.unr.edu.ar\/comision-margarit\/wp-json\/wp\/v2\/posts"}],"about":[{"href":"https:\/\/redaccion1.fcpolit.unr.edu.ar\/comision-margarit\/wp-json\/wp\/v2\/types\/post"}],"author":[{"embeddable":true,"href":"https:\/\/redaccion1.fcpolit.unr.edu.ar\/comision-margarit\/wp-json\/wp\/v2\/users\/1"}],"replies":[{"embeddable":true,"href":"https:\/\/redaccion1.fcpolit.unr.edu.ar\/comision-margarit\/wp-json\/wp\/v2\/comments?post=266"}],"version-history":[{"count":0,"href":"https:\/\/redaccion1.fcpolit.unr.edu.ar\/comision-margarit\/wp-json\/wp\/v2\/posts\/266\/revisions"}],"wp:attachment":[{"href":"https:\/\/redaccion1.fcpolit.unr.edu.ar\/comision-margarit\/wp-json\/wp\/v2\/media?parent=266"}],"wp:term":[{"taxonomy":"category","embeddable":true,"href":"https:\/\/redaccion1.fcpolit.unr.edu.ar\/comision-margarit\/wp-json\/wp\/v2\/categories?post=266"},{"taxonomy":"post_tag","embeddable":true,"href":"https:\/\/redaccion1.fcpolit.unr.edu.ar\/comision-margarit\/wp-json\/wp\/v2\/tags?post=266"}],"curies":[{"name":"wp","href":"https:\/\/api.w.org\/{rel}","templated":true}]}}