{"id":253,"date":"2009-12-10T19:52:17","date_gmt":"2009-12-10T19:52:17","guid":{"rendered":"http:\/\/fcpolit.unr.edu.ar\/blogs\/redaccion1-margarit\/2009\/12\/10\/que-es-una-reforma-politica\/"},"modified":"2009-12-10T19:52:17","modified_gmt":"2009-12-10T19:52:17","slug":"que-es-una-reforma-politica","status":"publish","type":"post","link":"https:\/\/redaccion1.fcpolit.unr.edu.ar\/comision-margarit\/2009\/12\/10\/que-es-una-reforma-politica\/","title":{"rendered":"\u00bfQue es una reforma pol\u00edtica?"},"content":{"rendered":"<p><em>por <strong>Mauro Leandro Far\u00edas<\/strong><\/em>*<br \/>\nLa reforma pol\u00edtica es una modificaci\u00f3n a la relaci\u00f3n entre gobernantes y gobernados. En Argentina esta relaci\u00f3n se consagra en la constituci\u00f3n nacional por un sistema representativo y republicano donde &#8220;El pueblo no delibera ni gobierna sino por medio de sus representantes&#8221;. En si muchas de estas reformas son cuestiones evidentes que mantiene la argentina y resultan arcaicas, otras no tanto.<\/p>\n<p><!--more--><br \/>\nEl primer antecedente de una reforma pol\u00edtica en la Argentina data del a\u00f1o 1860. Sus posteriores fueron la reforma de 1866, la de 1898 que introdujo un cambio de la base de elecci\u00f3n de los diputados, y un aumento de los ministerios.<br \/>\nLa reforma constitucional de 1949 se realiz\u00f3 durante el primer gobierno de Juan Domingo Per\u00f3n, la cual inclu\u00eda a la misma los llamados derechos de segunda generaci\u00f3n, estableci\u00f3 la igualdad jur\u00eddica entre el hombre y la mujer, y permiti\u00f3 la reelecci\u00f3n indefinida del presidente y vicepresidente de la Naci\u00f3n.<br \/>\nEl golpe de Estado de 1955 derogar\u00eda esta constituci\u00f3n, y la reemplazar\u00eda por el texto de la Constituci\u00f3n de 1853. Adem\u00e1s de proscribir al Peronismo, y de intervenir en los sindicatos. En 1957 se realiz\u00f3 una reforma en la Constituci\u00f3n de 1853 y se introdujo el art\u00edculo 14 bis referido a algunos derechos del trabajo.<br \/>\nLas posteriores reformas del 66\u00b4, del 72\u00b4, y del 76\u00b4 no variaron demasiado respecto a la constituci\u00f3n de 1853, puesto que se produjeron durante diversos Gobiernos militares, y bajo un manto de escasa legitimidad.<br \/>\nEl \u00faltimo antecedente similar en la Argentina ocurri\u00f3 en 1994, con el conocido \u201cPacto de Olivos\u201d, que fue un acuerdo pol\u00edtico entre el ex \u2013 presidente Raul Alfons\u00edn, y el por entonces Presidente de la Naci\u00f3n Carlos Saul Menem.  Esta  reforma constitucional que abarc\u00f3 44 art\u00edculos, estableciendo entre otras normas: la reelecci\u00f3n presidencial por una vez y acortamiento del mandatote 6 a 4 a\u00f1os, la autonom\u00eda a la Ciudad de Bs. As, etc.<br \/>\nTambi\u00e9n estableci\u00f3 el sistema de ballotage, una segunda vuelta electoral en la elecci\u00f3n presidencial en caso de que ning\u00fan candidato obtuviese m\u00e1s del 45% de los votos v\u00e1lidos emitidos o sacando un m\u00ednimo de 40% superase al segundo por m\u00e1s del 10%<br \/>\n*Mauro Leandro Far\u00edas es estudiante de la licenciatura en Comunicaci\u00f3n Social. El material forma parte del trabajo final de Redacci\u00f3n1.<\/p>\n","protected":false},"excerpt":{"rendered":"<p>por Mauro Leandro Far\u00edas* La reforma pol\u00edtica es una modificaci\u00f3n a la relaci\u00f3n entre gobernantes y gobernados. En Argentina esta relaci\u00f3n se consagra en la constituci\u00f3n nacional por un sistema representativo y republicano donde &#8220;El pueblo no delibera ni gobierna sino por medio de sus representantes&#8221;. En si muchas de estas reformas son cuestiones evidentes [&hellip;]<\/p>\n","protected":false},"author":1,"featured_media":0,"comment_status":"open","ping_status":"closed","sticky":false,"template":"","format":"standard","meta":{"footnotes":""},"categories":[4],"tags":[],"_links":{"self":[{"href":"https:\/\/redaccion1.fcpolit.unr.edu.ar\/comision-margarit\/wp-json\/wp\/v2\/posts\/253"}],"collection":[{"href":"https:\/\/redaccion1.fcpolit.unr.edu.ar\/comision-margarit\/wp-json\/wp\/v2\/posts"}],"about":[{"href":"https:\/\/redaccion1.fcpolit.unr.edu.ar\/comision-margarit\/wp-json\/wp\/v2\/types\/post"}],"author":[{"embeddable":true,"href":"https:\/\/redaccion1.fcpolit.unr.edu.ar\/comision-margarit\/wp-json\/wp\/v2\/users\/1"}],"replies":[{"embeddable":true,"href":"https:\/\/redaccion1.fcpolit.unr.edu.ar\/comision-margarit\/wp-json\/wp\/v2\/comments?post=253"}],"version-history":[{"count":0,"href":"https:\/\/redaccion1.fcpolit.unr.edu.ar\/comision-margarit\/wp-json\/wp\/v2\/posts\/253\/revisions"}],"wp:attachment":[{"href":"https:\/\/redaccion1.fcpolit.unr.edu.ar\/comision-margarit\/wp-json\/wp\/v2\/media?parent=253"}],"wp:term":[{"taxonomy":"category","embeddable":true,"href":"https:\/\/redaccion1.fcpolit.unr.edu.ar\/comision-margarit\/wp-json\/wp\/v2\/categories?post=253"},{"taxonomy":"post_tag","embeddable":true,"href":"https:\/\/redaccion1.fcpolit.unr.edu.ar\/comision-margarit\/wp-json\/wp\/v2\/tags?post=253"}],"curies":[{"name":"wp","href":"https:\/\/api.w.org\/{rel}","templated":true}]}}