{"id":2519,"date":"2017-09-15T19:54:35","date_gmt":"2017-09-15T19:54:35","guid":{"rendered":"http:\/\/fcpolit.unr.edu.ar\/blogs\/redaccion1-margarit\/?p=2519"},"modified":"2017-09-15T19:54:35","modified_gmt":"2017-09-15T19:54:35","slug":"resumen-de-la-clase-del-1509","status":"publish","type":"post","link":"https:\/\/redaccion1.fcpolit.unr.edu.ar\/comision-margarit\/2017\/09\/15\/resumen-de-la-clase-del-1509\/","title":{"rendered":"Resumen de la clase del 15\/09"},"content":{"rendered":"<p><img loading=\"lazy\" decoding=\"async\" class=\"size-medium aligncenter\" src=\"http:\/\/definicionyque.es\/wp-content\/uploads\/2016\/09\/Literatura.jpg\" width=\"720\" height=\"405\" \/><\/p>\n<p>Arrancamos la clase\u00a0resolviendo algunos interrogantes respecto\u00a0del TP 13. Aprovechamos para recordarles que tanto los correos electr\u00f3nicos como el grupo de Facebook est\u00e1n a completa disposici\u00f3n para que planteen sus dudas ni bien les surjan y no tengan que esperar hasta la\u00a0siguiente clase para hacerlo.<!--more--><\/p>\n<p>A continuaci\u00f3n, pusimos en com\u00fan algunos &#8220;conceptos uhartianos&#8221;, facilitados a partir de las lecturas hechas por cuatro compa\u00f1eras, que nos permitir\u00e1n resolver el <a href=\"https:\/\/blogs.fcpolit.unr.edu.ar\/redaccion1-margarit\/trabajo-practico-14-y-15-de-entrevistas-narradoras-y-modos-de-mirar-a-partir-de-una-entrevista-a-la-narradora-hebe-uhart\/\">TP 14\/15<\/a> redactando un texto a su estilo.<\/p>\n<p>Abordamos, finalmente, los contenidos de la Unidad 6, que tiene a la <a href=\"https:\/\/blogs.fcpolit.unr.edu.ar\/programa\/2008\/04\/12\/la-narracion-como-una-de-las-dos-grandes-tendencias-en-la-elaboracion-de-textos\/\">narraci\u00f3n <\/a>como eje. Para ello, repasamos unas <a href=\"https:\/\/blogs.fcpolit.unr.edu.ar\/programa\/2008\/04\/12\/breves-nociones-teoricas-sobre-la-evolucion-historica-del-relato\/\">breves nociones te\u00f3ricas sobre la evoluci\u00f3n hist\u00f3rica del relato<\/a>: analizamos los <a href=\"https:\/\/blogs.fcpolit.unr.edu.ar\/programa\/2008\/04\/12\/arte-poetica-aristoteles\/\">conceptos aristot\u00e9licos<\/a>, las consideraciones del <a href=\"https:\/\/blogs.fcpolit.unr.edu.ar\/programa\/2008\/04\/12\/morfologia-del-cuento-vadimir-propp\/\">formalismo ruso<\/a> y los criterios aportados por el <a href=\"https:\/\/blogs.fcpolit.unr.edu.ar\/programa\/2008\/04\/12\/analisis-estructural-de-los-relatos-roland-barthes\/\">estructuralismo<\/a>.<\/p>\n","protected":false},"excerpt":{"rendered":"<p>Arrancamos la clase\u00a0resolviendo algunos interrogantes respecto\u00a0del TP 13. Aprovechamos para recordarles que tanto los correos electr\u00f3nicos como el grupo de Facebook est\u00e1n a completa disposici\u00f3n para que planteen sus dudas ni bien les surjan y no tengan que esperar hasta la\u00a0siguiente clase para hacerlo.<\/p>\n","protected":false},"author":36,"featured_media":0,"comment_status":"open","ping_status":"open","sticky":false,"template":"","format":"standard","meta":{"footnotes":""},"categories":[1],"tags":[],"_links":{"self":[{"href":"https:\/\/redaccion1.fcpolit.unr.edu.ar\/comision-margarit\/wp-json\/wp\/v2\/posts\/2519"}],"collection":[{"href":"https:\/\/redaccion1.fcpolit.unr.edu.ar\/comision-margarit\/wp-json\/wp\/v2\/posts"}],"about":[{"href":"https:\/\/redaccion1.fcpolit.unr.edu.ar\/comision-margarit\/wp-json\/wp\/v2\/types\/post"}],"author":[{"embeddable":true,"href":"https:\/\/redaccion1.fcpolit.unr.edu.ar\/comision-margarit\/wp-json\/wp\/v2\/users\/36"}],"replies":[{"embeddable":true,"href":"https:\/\/redaccion1.fcpolit.unr.edu.ar\/comision-margarit\/wp-json\/wp\/v2\/comments?post=2519"}],"version-history":[{"count":0,"href":"https:\/\/redaccion1.fcpolit.unr.edu.ar\/comision-margarit\/wp-json\/wp\/v2\/posts\/2519\/revisions"}],"wp:attachment":[{"href":"https:\/\/redaccion1.fcpolit.unr.edu.ar\/comision-margarit\/wp-json\/wp\/v2\/media?parent=2519"}],"wp:term":[{"taxonomy":"category","embeddable":true,"href":"https:\/\/redaccion1.fcpolit.unr.edu.ar\/comision-margarit\/wp-json\/wp\/v2\/categories?post=2519"},{"taxonomy":"post_tag","embeddable":true,"href":"https:\/\/redaccion1.fcpolit.unr.edu.ar\/comision-margarit\/wp-json\/wp\/v2\/tags?post=2519"}],"curies":[{"name":"wp","href":"https:\/\/api.w.org\/{rel}","templated":true}]}}