{"id":2508,"date":"2017-09-07T15:39:44","date_gmt":"2017-09-07T15:39:44","guid":{"rendered":"http:\/\/fcpolit.unr.edu.ar\/blogs\/redaccion1-margarit\/?p=2508"},"modified":"2017-09-07T15:39:44","modified_gmt":"2017-09-07T15:39:44","slug":"trabajo-practico-14-y-15-de-entrevistas-narradoras-y-modos-de-mirar-a-partir-de-una-entrevista-a-la-narradora-hebe-uhart","status":"publish","type":"post","link":"https:\/\/redaccion1.fcpolit.unr.edu.ar\/comision-margarit\/2017\/09\/07\/trabajo-practico-14-y-15-de-entrevistas-narradoras-y-modos-de-mirar-a-partir-de-una-entrevista-a-la-narradora-hebe-uhart\/","title":{"rendered":"Trabajo Pr\u00e1ctico: De entrevistas, narradoras y modos de mirar: a partir de una entrevista a la narradora Hebe Uhart"},"content":{"rendered":"<p><em>Por Ana Mar\u00eda Margarit, Cecilia Reviglio y Alejandro Sambrana<\/em><\/p>\n<p><a href=\"https:\/\/blogs.fcpolit.unr.edu.ar\/redaccion1-margarit\/files\/2017\/09\/Hebe-Uhart.jpg\"><img loading=\"lazy\" decoding=\"async\" src=\"https:\/\/blogs.fcpolit.unr.edu.ar\/redaccion1-margarit\/files\/2017\/09\/Hebe-Uhart-300x150.jpg\" alt=\"\" width=\"300\" height=\"150\" class=\"alignleft size-medium wp-image-2509\" \/><\/a><strong>Objetivos:<\/strong> que los estudiantes<br \/>\na)\tensayen diferentes modos de referir discursos en la construcci\u00f3n de un texto coherente a partir de testimonios,<br \/>\nb)\treconstruyan \/ reconozcan indicaciones para escribir,<br \/>\nc)\tpongan en pr\u00e1ctica la t\u00e9cnica de la entrevista.<!--more--><\/p>\n<p><strong>Consignas:<\/strong><br \/>\n1)\tLeer la entrevista <a href=\"http:\/\/www.lacapital.com.ar\/cultura-y-libros\/la-narradora-que-aprendio-esperar-y-escuchar-n1458050.html\">La narradora que aprendi\u00f3 a esperar y escuchar<\/a> que hizo la periodista rosarina Virginia Giacosa a la escritora Hebe Uhart.<br \/>\n2)\tRelevar y copiar los fragmentos de la entrevista en los cuales Uhart cuenta c\u00f3mo aborda las ciudades y pueblos para luego, construir sus historias, qu\u00e9 mira, a qui\u00e9n pregunta, qu\u00e9 diferencias encuentra entre los modos de abordar grandes ciudades y peque\u00f1os pueblos, etc.<br \/>\n3)\tA partir de esos testimonios \/ fragmentos, formalizar una \u201cpeque\u00f1a teor\u00eda uhartiana&#8221; a la cual echar mano para entrevistar a alguien. Expresar esa teor\u00eda en un peque\u00f1o texto que recupere el discurso de Uhart, utilizando las diferentes <a href=\"https:\/\/blogs.fcpolit.unr.edu.ar\/programa\/2008\/03\/29\/enunciados-referidos\/\">maneras de referir discursos<\/a> estudiadas en la unidad 5.<br \/>\n4)\tA partir de la formalizaci\u00f3n de esa teor\u00eda, realizar <a href=\"https:\/\/blogs.fcpolit.unr.edu.ar\/programa\/2008\/03\/29\/la-entrevista-periodistica-jorge-halperin\/\">una entrevista <\/a>a un personaje a descubrir en la selva urbana: personaje de pueblo, de barrio, de un club, etc, que pudiera contar algo de la vida cotidiana, que permitiera escuchar una voz propia.<br \/>\n5)\tRedactar un texto a partir de la entrevista. Puede tener formato pregunta \/ respuesta (en ese caso, deber\u00e1 contar un p\u00e1rrafo introductorio a la manera de cabeza del texto) o bien usando los diferentes estilos para referir discursos. Titular. Extensi\u00f3n: entre 25 y 35 l\u00edneas.<br \/>\n6)\tOpcional: sumar fotos del entrevistado.<\/p>\n","protected":false},"excerpt":{"rendered":"<p>Por Ana Mar\u00eda Margarit, Cecilia Reviglio y Alejandro Sambrana Objetivos: que los estudiantes a) ensayen diferentes modos de referir discursos en la construcci\u00f3n de un texto coherente a partir de testimonios, b) reconstruyan \/ reconozcan indicaciones para escribir, c) pongan en pr\u00e1ctica la t\u00e9cnica de la entrevista.<\/p>\n","protected":false},"author":17,"featured_media":0,"comment_status":"open","ping_status":"open","sticky":false,"template":"","format":"standard","meta":{"footnotes":""},"categories":[19,3,21],"tags":[],"_links":{"self":[{"href":"https:\/\/redaccion1.fcpolit.unr.edu.ar\/comision-margarit\/wp-json\/wp\/v2\/posts\/2508"}],"collection":[{"href":"https:\/\/redaccion1.fcpolit.unr.edu.ar\/comision-margarit\/wp-json\/wp\/v2\/posts"}],"about":[{"href":"https:\/\/redaccion1.fcpolit.unr.edu.ar\/comision-margarit\/wp-json\/wp\/v2\/types\/post"}],"author":[{"embeddable":true,"href":"https:\/\/redaccion1.fcpolit.unr.edu.ar\/comision-margarit\/wp-json\/wp\/v2\/users\/17"}],"replies":[{"embeddable":true,"href":"https:\/\/redaccion1.fcpolit.unr.edu.ar\/comision-margarit\/wp-json\/wp\/v2\/comments?post=2508"}],"version-history":[{"count":0,"href":"https:\/\/redaccion1.fcpolit.unr.edu.ar\/comision-margarit\/wp-json\/wp\/v2\/posts\/2508\/revisions"}],"wp:attachment":[{"href":"https:\/\/redaccion1.fcpolit.unr.edu.ar\/comision-margarit\/wp-json\/wp\/v2\/media?parent=2508"}],"wp:term":[{"taxonomy":"category","embeddable":true,"href":"https:\/\/redaccion1.fcpolit.unr.edu.ar\/comision-margarit\/wp-json\/wp\/v2\/categories?post=2508"},{"taxonomy":"post_tag","embeddable":true,"href":"https:\/\/redaccion1.fcpolit.unr.edu.ar\/comision-margarit\/wp-json\/wp\/v2\/tags?post=2508"}],"curies":[{"name":"wp","href":"https:\/\/api.w.org\/{rel}","templated":true}]}}