{"id":2480,"date":"2017-08-07T12:22:27","date_gmt":"2017-08-07T12:22:27","guid":{"rendered":"http:\/\/fcpolit.unr.edu.ar\/blogs\/redaccion1-margarit\/?p=2480"},"modified":"2017-08-07T12:22:27","modified_gmt":"2017-08-07T12:22:27","slug":"resumen-de-la-clase-del-4-de-agosto","status":"publish","type":"post","link":"https:\/\/redaccion1.fcpolit.unr.edu.ar\/comision-margarit\/2017\/08\/07\/resumen-de-la-clase-del-4-de-agosto\/","title":{"rendered":"Resumen de la clase del 4 de agosto"},"content":{"rendered":"<p>El viernes retomamos las clases despu\u00e9s del receso. Recordamos la necesidad de entregar en tiempo y forma los TP, porque de no estar entregados y no lograr a tiempo el 75% de los TP aprobados, quedar\u00edan -nuevamente- libres.<br \/>\nEn este marco, la profesora Margarit retom\u00f3 el TP a partir de exitoso ejemplo de Paula Rodr\u00edguez, que public\u00f3 su trabajo en el grupo de facebook. Pasen y vean&#8230;<br \/>\nTambi\u00e9n le\u00edmos una <a href=\"https:\/\/blogs.fcpolit.unr.edu.ar\/redaccion1-margarit\/la-historia-de-juan-se-iba-por-el-rio-el-cuento-perdido-de-rodolfo-walsh\/\">nota period\u00edstica sobre el \u00faltimo cuento que escribi\u00f3 Rodolfo Walsh y actualmente se encuentra perdido<\/a>. <!--more--><\/p>\n<p>Luego de eso, comenzamos a trabajar los temas de la unidad 4: Coherencia y cohesi\u00f3n.<br \/>\nTrabajamos sobre los contenidos de los <a href=\"https:\/\/blogs.fcpolit.unr.edu.ar\/programa\/2008\/04\/02\/dos-propiedades-del-texto\/\">textos base 1<\/a> y <a href=\"https:\/\/blogs.fcpolit.unr.edu.ar\/programa\/2008\/04\/02\/coherencia\/\">2<\/a> y de los textos fuente <a href=\"https:\/\/blogs.fcpolit.unr.edu.ar\/programa\/2008\/03\/18\/superestructuras-teun-van-dijk\/\">Superestructuras<\/a> de Van Dijk y <a href=\"https:\/\/blogs.fcpolit.unr.edu.ar\/programa\/2008\/03\/28\/la-coherencia-como-principio-en-la-regulacion-de-la-produccion-discursiva-m-charolles\/\">Las coherencia como principio&#8230;<\/a> de Charolles.<br \/>\nTambi\u00e9n vimos c\u00f3mo esos conceptos se materializan en los textos a partir del an\u00e1lisis de la noticia <a href=\"http:\/\/www.rosarioplus.com\/ensacoycorbata\/Picada-fatal-imputan-a-uno-de-los-conductores-por-homicidio-culposo-y-manejo-temerario-20170731-0020.html\">Picada fatal: dictan prisi\u00f3n domiciliaria para uno de los conductores<\/a>, publicada en Rosario Plus. La semana que viene seguiremos trabajando con ese texto y tambi\u00e9n con la noticia anterior, <a href=\"http:\/\/www.rosarioplus.com\/ensacoycorbata\/Seguira-detenido-el-automovilista-de-la-picada-fatal-20170729-0003.html\">Seguir\u00e1 detenido el automovilista de la picada fatal<\/a>.<\/p>\n<p>Tambi\u00e9n explicamos la <a href=\"https:\/\/blogs.fcpolit.unr.edu.ar\/redaccion1-margarit\/tp-10-salida-al-campo-2\/\">consigna del TP 10<\/a>. La fecha de entrega es el jueves 17\/8 por correo electr\u00f3nico a: anitamargarit@gmail.com<\/p>\n<p>Dejamos qu\u00ed tambi\u00e9n, el <a href=\"https:\/\/blogs.fcpolit.unr.edu.ar\/redaccion1-margarit\/cronograma-segundo-cuatrimestre\/\">cronograma de encuentros<\/a> del segundo cuatrimestre.<\/p>\n<p>Los esperamos el viernes pr\u00f3ximos para seguir trabajando sobre la coherencia y la cohesi\u00f3n.<\/p>\n","protected":false},"excerpt":{"rendered":"<p>El viernes retomamos las clases despu\u00e9s del receso. Recordamos la necesidad de entregar en tiempo y forma los TP, porque de no estar entregados y no lograr a tiempo el 75% de los TP aprobados, quedar\u00edan -nuevamente- libres. En este marco, la profesora Margarit retom\u00f3 el TP a partir de exitoso ejemplo de Paula Rodr\u00edguez, [&hellip;]<\/p>\n","protected":false},"author":17,"featured_media":0,"comment_status":"open","ping_status":"open","sticky":false,"template":"","format":"standard","meta":{"footnotes":""},"categories":[19,20],"tags":[],"_links":{"self":[{"href":"https:\/\/redaccion1.fcpolit.unr.edu.ar\/comision-margarit\/wp-json\/wp\/v2\/posts\/2480"}],"collection":[{"href":"https:\/\/redaccion1.fcpolit.unr.edu.ar\/comision-margarit\/wp-json\/wp\/v2\/posts"}],"about":[{"href":"https:\/\/redaccion1.fcpolit.unr.edu.ar\/comision-margarit\/wp-json\/wp\/v2\/types\/post"}],"author":[{"embeddable":true,"href":"https:\/\/redaccion1.fcpolit.unr.edu.ar\/comision-margarit\/wp-json\/wp\/v2\/users\/17"}],"replies":[{"embeddable":true,"href":"https:\/\/redaccion1.fcpolit.unr.edu.ar\/comision-margarit\/wp-json\/wp\/v2\/comments?post=2480"}],"version-history":[{"count":0,"href":"https:\/\/redaccion1.fcpolit.unr.edu.ar\/comision-margarit\/wp-json\/wp\/v2\/posts\/2480\/revisions"}],"wp:attachment":[{"href":"https:\/\/redaccion1.fcpolit.unr.edu.ar\/comision-margarit\/wp-json\/wp\/v2\/media?parent=2480"}],"wp:term":[{"taxonomy":"category","embeddable":true,"href":"https:\/\/redaccion1.fcpolit.unr.edu.ar\/comision-margarit\/wp-json\/wp\/v2\/categories?post=2480"},{"taxonomy":"post_tag","embeddable":true,"href":"https:\/\/redaccion1.fcpolit.unr.edu.ar\/comision-margarit\/wp-json\/wp\/v2\/tags?post=2480"}],"curies":[{"name":"wp","href":"https:\/\/api.w.org\/{rel}","templated":true}]}}