{"id":2380,"date":"2016-11-19T14:58:26","date_gmt":"2016-11-19T14:58:26","guid":{"rendered":"http:\/\/fcpolit.unr.edu.ar\/blogs\/redaccion1-margarit\/?p=2380"},"modified":"2016-11-19T14:58:26","modified_gmt":"2016-11-19T14:58:26","slug":"trabajo-practico-18-la-vida-en-la-pantalla","status":"publish","type":"post","link":"https:\/\/redaccion1.fcpolit.unr.edu.ar\/comision-margarit\/2016\/11\/19\/trabajo-practico-18-la-vida-en-la-pantalla\/","title":{"rendered":"Trabajo Pr\u00e1ctico 18: La vida en la pantalla"},"content":{"rendered":"<p>Este trabajo tiene como objetivo poner en pr\u00e1ctica las <a href=\"https:\/\/blogs.fcpolit.unr.edu.ar\/programa\/2008\/03\/13\/estructuras-argumentativas-teun-van-dijk\/\">superestructuras argumentativas<\/a> que trabajamos la clase pasada.<!--more--><\/p>\n<p>Para ello, te proponemos las siguientes consignas:<\/p>\n<p>1) Elegir un tema relacionado con el uso actual de las tecnolog\u00edas, circunscripto a una franja de edad y un \u00e1mbito de aplicaciones de la tecnolog\u00edas. Por ejemplo, el uso de las netbooks por parte de los adolescentes en el aula de la escuela secundaria. O bien, El uso de los grupos de whatsapp de padres, o cualquiera otro de este tipo.<br \/>\n2) Construir una proposici\u00f3n sobre la que organizar\u00e1s tu argumentaci\u00f3n.<br \/>\n3) Construir tres argumentos de diferente tipo<br \/>\n4) Redactar una <a href=\"https:\/\/blogs.fcpolit.unr.edu.ar\/programa\/2008\/03\/13\/superestructuras-argumentativas\/\">argumentaci\u00f3n secuencial<\/a> teniendo en cuenta su superestructura.<\/p>\n<p>Fecha y modalidad de entrega: jueves 24\/11 por correo electr\u00f3nico a la casilla de la profesora: ceciliareviglio@hotmail.com<\/p>\n","protected":false},"excerpt":{"rendered":"<p>Este trabajo tiene como objetivo poner en pr\u00e1ctica las superestructuras argumentativas que trabajamos la clase pasada.<\/p>\n","protected":false},"author":17,"featured_media":0,"comment_status":"open","ping_status":"open","sticky":false,"template":"","format":"standard","meta":{"footnotes":""},"categories":[14,16],"tags":[],"_links":{"self":[{"href":"https:\/\/redaccion1.fcpolit.unr.edu.ar\/comision-margarit\/wp-json\/wp\/v2\/posts\/2380"}],"collection":[{"href":"https:\/\/redaccion1.fcpolit.unr.edu.ar\/comision-margarit\/wp-json\/wp\/v2\/posts"}],"about":[{"href":"https:\/\/redaccion1.fcpolit.unr.edu.ar\/comision-margarit\/wp-json\/wp\/v2\/types\/post"}],"author":[{"embeddable":true,"href":"https:\/\/redaccion1.fcpolit.unr.edu.ar\/comision-margarit\/wp-json\/wp\/v2\/users\/17"}],"replies":[{"embeddable":true,"href":"https:\/\/redaccion1.fcpolit.unr.edu.ar\/comision-margarit\/wp-json\/wp\/v2\/comments?post=2380"}],"version-history":[{"count":0,"href":"https:\/\/redaccion1.fcpolit.unr.edu.ar\/comision-margarit\/wp-json\/wp\/v2\/posts\/2380\/revisions"}],"wp:attachment":[{"href":"https:\/\/redaccion1.fcpolit.unr.edu.ar\/comision-margarit\/wp-json\/wp\/v2\/media?parent=2380"}],"wp:term":[{"taxonomy":"category","embeddable":true,"href":"https:\/\/redaccion1.fcpolit.unr.edu.ar\/comision-margarit\/wp-json\/wp\/v2\/categories?post=2380"},{"taxonomy":"post_tag","embeddable":true,"href":"https:\/\/redaccion1.fcpolit.unr.edu.ar\/comision-margarit\/wp-json\/wp\/v2\/tags?post=2380"}],"curies":[{"name":"wp","href":"https:\/\/api.w.org\/{rel}","templated":true}]}}