{"id":2374,"date":"2016-11-14T15:54:01","date_gmt":"2016-11-14T15:54:01","guid":{"rendered":"http:\/\/fcpolit.unr.edu.ar\/blogs\/redaccion1-margarit\/?p=2374"},"modified":"2016-11-14T15:54:01","modified_gmt":"2016-11-14T15:54:01","slug":"resumen-de-la-clase-del-1111","status":"publish","type":"post","link":"https:\/\/redaccion1.fcpolit.unr.edu.ar\/comision-margarit\/2016\/11\/14\/resumen-de-la-clase-del-1111\/","title":{"rendered":"Resumen de la clase del 11\/11"},"content":{"rendered":"<p><a href=\"https:\/\/blogs.fcpolit.unr.edu.ar\/redaccion1-margarit\/files\/2016\/11\/argumentaciones.jpg\"><img loading=\"lazy\" decoding=\"async\" class=\"wp-image-2376 aligncenter\" src=\"https:\/\/blogs.fcpolit.unr.edu.ar\/redaccion1-margarit\/files\/2016\/11\/argumentaciones-300x188.jpg\" alt=\"argumentaciones\" width=\"413\" height=\"259\" \/><\/a>En esta oportunidad trabajamos con el<a href=\"https:\/\/blogs.fcpolit.unr.edu.ar\/programa\/2008\/03\/13\/la-argumentacion-otra-de-las-dos-grandes-tendencias-en-la-elaboracion-de-los-textos\/\"> texto argumentativo<\/a>, primer tipo de redacci\u00f3n donde aparece la opini\u00f3n del autor.<\/p>\n<p>Haciendo un veloz<a href=\"https:\/\/blogs.fcpolit.unr.edu.ar\/programa\/2008\/03\/13\/evolucion-historica-de-la-argumentacion\/\"> raconto hist\u00f3rico<\/a>, recordamos la visi\u00f3n de la ret\u00f3rica aristot\u00e9lica: desde esta perspectiva, los tres elementos que componen un discurso de tipo ret\u00f3rico son el ethos (quien argumenta y su autoridad para hacerlo), el pathos (el audiotrio destinatario del discurso) y el logos (palabra argumentada donde se articulan discurso y raz\u00f3n).<\/p>\n<p>As\u00ed tambi\u00e9n, abordamos las cinco operaciones ret\u00f3ricas que supone este tipo de discurso: <em>inventio, dispositio<\/em> y<em> elocutio,\u00a0 <\/em>y las propias del discurso oral, <em>actio y memoria.<\/em><\/p>\n<p>Posteriormente, trabajamos sobre la <em>Nueva Ret\u00f3rica<\/em>, donde retomamos los conceptos de Chaim Perelman respecto de la recuperaci\u00f3n de la ret\u00f3rica antigua griega -luego de la reducci\u00f3n que se hiciera de la misma en el periodo cl\u00e1sico- y la incorporaci\u00f3n de la mediatizaci\u00f3n.<\/p>\n<p>Finalmente, vimos dos <a href=\"https:\/\/blogs.fcpolit.unr.edu.ar\/programa\/2008\/03\/13\/superestructuras-argumentativas\/\">superestructuras<\/a> para la construcci\u00f3n de textos period\u00edsticos argumentativos &#8211; la argumentaci\u00f3n secuencial y la argumentaci\u00f3n dial\u00e9ctica- y pusimos en pr\u00e1ctica sus categor\u00edas analizando los art\u00edculos <a href=\"http:\/\/www.revistaanfibia.com\/ensayo\/no-son-monstruos\/\">No son monstruos<\/a> y\u00a0 <a href=\"http:\/\/www.lanacion.com.ar\/1951867-la-falacia-de-creer-que-nos-va-peor-porque-somos-mejores\">La falacia de creer que nos va peor porque somos mejores<\/a>.<\/p>\n","protected":false},"excerpt":{"rendered":"<p>En esta oportunidad trabajamos con el texto argumentativo, primer tipo de redacci\u00f3n donde aparece la opini\u00f3n del autor. Haciendo un veloz raconto hist\u00f3rico, recordamos la visi\u00f3n de la ret\u00f3rica aristot\u00e9lica: desde esta perspectiva, los tres elementos que componen un discurso de tipo ret\u00f3rico son el ethos (quien argumenta y su autoridad para hacerlo), el pathos [&hellip;]<\/p>\n","protected":false},"author":36,"featured_media":2376,"comment_status":"open","ping_status":"open","sticky":false,"template":"","format":"standard","meta":{"footnotes":""},"categories":[1],"tags":[],"_links":{"self":[{"href":"https:\/\/redaccion1.fcpolit.unr.edu.ar\/comision-margarit\/wp-json\/wp\/v2\/posts\/2374"}],"collection":[{"href":"https:\/\/redaccion1.fcpolit.unr.edu.ar\/comision-margarit\/wp-json\/wp\/v2\/posts"}],"about":[{"href":"https:\/\/redaccion1.fcpolit.unr.edu.ar\/comision-margarit\/wp-json\/wp\/v2\/types\/post"}],"author":[{"embeddable":true,"href":"https:\/\/redaccion1.fcpolit.unr.edu.ar\/comision-margarit\/wp-json\/wp\/v2\/users\/36"}],"replies":[{"embeddable":true,"href":"https:\/\/redaccion1.fcpolit.unr.edu.ar\/comision-margarit\/wp-json\/wp\/v2\/comments?post=2374"}],"version-history":[{"count":0,"href":"https:\/\/redaccion1.fcpolit.unr.edu.ar\/comision-margarit\/wp-json\/wp\/v2\/posts\/2374\/revisions"}],"wp:featuredmedia":[{"embeddable":true,"href":"https:\/\/redaccion1.fcpolit.unr.edu.ar\/comision-margarit\/wp-json\/"}],"wp:attachment":[{"href":"https:\/\/redaccion1.fcpolit.unr.edu.ar\/comision-margarit\/wp-json\/wp\/v2\/media?parent=2374"}],"wp:term":[{"taxonomy":"category","embeddable":true,"href":"https:\/\/redaccion1.fcpolit.unr.edu.ar\/comision-margarit\/wp-json\/wp\/v2\/categories?post=2374"},{"taxonomy":"post_tag","embeddable":true,"href":"https:\/\/redaccion1.fcpolit.unr.edu.ar\/comision-margarit\/wp-json\/wp\/v2\/tags?post=2374"}],"curies":[{"name":"wp","href":"https:\/\/api.w.org\/{rel}","templated":true}]}}